{"id":1515,"date":"2015-06-12T08:16:27","date_gmt":"2015-06-12T08:16:27","guid":{"rendered":"http:\/\/dreammedia.es\/blog\/?p=1515"},"modified":"2024-05-12T12:46:36","modified_gmt":"2024-05-12T12:46:36","slug":"fisaldo-2015","status":"publish","type":"post","link":"https:\/\/www.dreammedia.es\/blog\/fisaldo-2015\/","title":{"rendered":"Fisaldo 2015"},"content":{"rendered":"\n<p>Campa\u00f1a para Infecar, Fisaldo 2015, La Feria de Saldos y Oportunidades<\/p>\n\n\n\n<p>Spot TV<\/p>\n\n\n\n<figure class=\"wp-block-embed is-type-video is-provider-youtube wp-block-embed-youtube wp-embed-aspect-16-9 wp-has-aspect-ratio\"><div class=\"wp-block-embed__wrapper\">\n<iframe loading=\"lazy\" title=\"Fisaldo 2015\" width=\"720\" height=\"405\" src=\"https:\/\/www.youtube.com\/embed\/40uPt1swqWM?feature=oembed\" frameborder=\"0\" allow=\"accelerometer; autoplay; clipboard-write; encrypted-media; gyroscope; picture-in-picture; web-share\" referrerpolicy=\"strict-origin-when-cross-origin\" allowfullscreen><\/iframe>\n<\/div><\/figure>\n\n\n\n<p>Gr\u00e1fica<\/p>\n\n\n\n<figure class=\"wp-block-image\"><img data-recalc-dims=\"1\" loading=\"lazy\" decoding=\"async\" width=\"800\" height=\"533\" src=\"http:\/\/javierangulom.files.wordpress.com\/2019\/07\/c1b47-cartel-apaisado-01.jpg?w=300&#038;h=200&#038;fit=300%2C200&#038;resize=800%2C533\" alt=\"\" class=\"wp-image-1517\" srcset=\"https:\/\/i0.wp.com\/www.dreammedia.es\/blog\/wp-content\/uploads\/c1b47-cartel-apaisado-01.jpg?w=800&amp;ssl=1 800w, https:\/\/i0.wp.com\/www.dreammedia.es\/blog\/wp-content\/uploads\/c1b47-cartel-apaisado-01.jpg?resize=300%2C200&amp;ssl=1 300w, https:\/\/i0.wp.com\/www.dreammedia.es\/blog\/wp-content\/uploads\/c1b47-cartel-apaisado-01.jpg?resize=768%2C512&amp;ssl=1 768w\" sizes=\"auto, (max-width: 800px) 100vw, 800px\" \/><\/figure>\n\n\n\n<figure class=\"wp-block-image is-resized\"><img data-recalc-dims=\"1\" loading=\"lazy\" decoding=\"async\" width=\"800\" height=\"1132\" src=\"http:\/\/javierangulom.files.wordpress.com\/2019\/07\/e3cf4-cartel-largo-01.jpg?w=724&#038;h=1024&#038;fit=724%2C1024&#038;resize=800%2C1132\" alt=\"cartel largo-01\" class=\"wp-image-1518\" style=\"width:302px;height:auto\" srcset=\"https:\/\/i0.wp.com\/www.dreammedia.es\/blog\/wp-content\/uploads\/e3cf4-cartel-largo-01.jpg?w=800&amp;ssl=1 800w, https:\/\/i0.wp.com\/www.dreammedia.es\/blog\/wp-content\/uploads\/e3cf4-cartel-largo-01.jpg?resize=212%2C300&amp;ssl=1 212w, https:\/\/i0.wp.com\/www.dreammedia.es\/blog\/wp-content\/uploads\/e3cf4-cartel-largo-01.jpg?resize=724%2C1024&amp;ssl=1 724w, https:\/\/i0.wp.com\/www.dreammedia.es\/blog\/wp-content\/uploads\/e3cf4-cartel-largo-01.jpg?resize=768%2C1087&amp;ssl=1 768w\" sizes=\"auto, (max-width: 800px) 100vw, 800px\" \/><\/figure>\n\n\n\n<figure class=\"wp-block-image is-resized\"><img data-recalc-dims=\"1\" loading=\"lazy\" decoding=\"async\" width=\"1290\" height=\"1183\" src=\"http:\/\/javierangulom.files.wordpress.com\/2019\/07\/3d49a-guaguas-fisaldo-01.jpg?w=1024&#038;h=939&#038;fit=1024%2C939&#038;resize=1290%2C1183\" alt=\"guaguas fisaldo-01\" class=\"wp-image-1521\" style=\"width:288px;height:auto\" srcset=\"https:\/\/i0.wp.com\/www.dreammedia.es\/blog\/wp-content\/uploads\/3d49a-guaguas-fisaldo-01.jpg?w=1754&amp;ssl=1 1754w, https:\/\/i0.wp.com\/www.dreammedia.es\/blog\/wp-content\/uploads\/3d49a-guaguas-fisaldo-01.jpg?resize=300%2C275&amp;ssl=1 300w, https:\/\/i0.wp.com\/www.dreammedia.es\/blog\/wp-content\/uploads\/3d49a-guaguas-fisaldo-01.jpg?resize=1024%2C939&amp;ssl=1 1024w, https:\/\/i0.wp.com\/www.dreammedia.es\/blog\/wp-content\/uploads\/3d49a-guaguas-fisaldo-01.jpg?resize=768%2C705&amp;ssl=1 768w, https:\/\/i0.wp.com\/www.dreammedia.es\/blog\/wp-content\/uploads\/3d49a-guaguas-fisaldo-01.jpg?resize=1536%2C1409&amp;ssl=1 1536w\" sizes=\"auto, (max-width: 1290px) 100vw, 1290px\" \/><\/figure>\n\n\n\n<figure class=\"wp-block-image\"><img data-recalc-dims=\"1\" loading=\"lazy\" decoding=\"async\" width=\"1000\" height=\"333\" src=\"http:\/\/javierangulom.files.wordpress.com\/2019\/07\/1a639-lona-130x230-rgb-01.jpg?w=300&#038;h=100&#038;fit=300%2C100&#038;resize=1000%2C333\" alt=\"\" class=\"wp-image-1522\" srcset=\"https:\/\/i0.wp.com\/www.dreammedia.es\/blog\/wp-content\/uploads\/1a639-lona-130x230-rgb-01.jpg?w=1000&amp;ssl=1 1000w, https:\/\/i0.wp.com\/www.dreammedia.es\/blog\/wp-content\/uploads\/1a639-lona-130x230-rgb-01.jpg?resize=300%2C100&amp;ssl=1 300w, https:\/\/i0.wp.com\/www.dreammedia.es\/blog\/wp-content\/uploads\/1a639-lona-130x230-rgb-01.jpg?resize=768%2C256&amp;ssl=1 768w\" sizes=\"auto, (max-width: 1000px) 100vw, 1000px\" \/><\/figure>\n\n\n\n<figure class=\"wp-block-image\"><img data-recalc-dims=\"1\" loading=\"lazy\" decoding=\"async\" width=\"1290\" height=\"320\" src=\"http:\/\/javierangulom.files.wordpress.com\/2019\/07\/68ca9-canarias7-01.jpg?w=1024&#038;h=254&#038;fit=1024%2C254&#038;resize=1290%2C320\" alt=\"CANARIAS7-01\" class=\"wp-image-1523\" srcset=\"https:\/\/i0.wp.com\/www.dreammedia.es\/blog\/wp-content\/uploads\/68ca9-canarias7-01.jpg?w=1476&amp;ssl=1 1476w, https:\/\/i0.wp.com\/www.dreammedia.es\/blog\/wp-content\/uploads\/68ca9-canarias7-01.jpg?resize=300%2C74&amp;ssl=1 300w, https:\/\/i0.wp.com\/www.dreammedia.es\/blog\/wp-content\/uploads\/68ca9-canarias7-01.jpg?resize=1024%2C254&amp;ssl=1 1024w, https:\/\/i0.wp.com\/www.dreammedia.es\/blog\/wp-content\/uploads\/68ca9-canarias7-01.jpg?resize=768%2C190&amp;ssl=1 768w\" sizes=\"auto, (max-width: 1290px) 100vw, 1290px\" \/><\/figure>\n\n\n\n<figure class=\"wp-block-image\"><img data-recalc-dims=\"1\" loading=\"lazy\" decoding=\"async\" width=\"1290\" height=\"358\" src=\"http:\/\/javierangulom.files.wordpress.com\/2019\/07\/d5403-la-provincia-01.jpg?w=1024&#038;h=284&#038;fit=1024%2C284&#038;resize=1290%2C358\" alt=\"LA PROVINCIA-01\" class=\"wp-image-1524\" srcset=\"https:\/\/i0.wp.com\/www.dreammedia.es\/blog\/wp-content\/uploads\/d5403-la-provincia-01.jpg?w=1447&amp;ssl=1 1447w, https:\/\/i0.wp.com\/www.dreammedia.es\/blog\/wp-content\/uploads\/d5403-la-provincia-01.jpg?resize=300%2C83&amp;ssl=1 300w, https:\/\/i0.wp.com\/www.dreammedia.es\/blog\/wp-content\/uploads\/d5403-la-provincia-01.jpg?resize=1024%2C284&amp;ssl=1 1024w, https:\/\/i0.wp.com\/www.dreammedia.es\/blog\/wp-content\/uploads\/d5403-la-provincia-01.jpg?resize=768%2C213&amp;ssl=1 768w\" sizes=\"auto, (max-width: 1290px) 100vw, 1290px\" \/><\/figure>\n<span class=\"kt-load-after-post\"><\/span>","protected":false},"excerpt":{"rendered":"<p>Campa\u00f1a para Infecar, Fisaldo 2015, La Feria de Saldos y Oportunidades Spot TV Gr\u00e1fica<\/p>\n","protected":false},"author":1,"featured_media":1517,"comment_status":"closed","ping_status":"closed","sticky":false,"template":"","format":"standard","meta":{"_kad_blocks_custom_css":"","_kad_blocks_head_custom_js":"","_kad_blocks_body_custom_js":"","_kad_blocks_footer_custom_js":"","advanced_seo_description":"","jetpack_seo_html_title":"","jetpack_seo_noindex":false,"_kadence_starter_templates_imported_post":false,"_kad_post_transparent":"","_kad_post_title":"","_kad_post_layout":"","_kad_post_sidebar_id":"","_kad_post_content_style":"","_kad_post_vertical_padding":"","_kad_post_feature":"","_kad_post_feature_position":"","_kad_post_header":false,"_kad_post_footer":false,"_jetpack_memberships_contains_paid_content":false,"footnotes":""},"categories":[13],"tags":[],"class_list":["post-1515","post","type-post","status-publish","format-standard","has-post-thumbnail","hentry","category-dream-media"],"featured_image_src":"https:\/\/i0.wp.com\/www.dreammedia.es\/blog\/wp-content\/uploads\/c1b47-cartel-apaisado-01.jpg?fit=800%2C533&ssl=1","author_info":{"display_name":"Dream media","author_link":"https:\/\/www.dreammedia.es\/blog\/author\/morenoangulo\/"},"taxonomy_info":{"category":[{"value":13,"label":"Dream media"}]},"featured_image_src_large":["https:\/\/i0.wp.com\/www.dreammedia.es\/blog\/wp-content\/uploads\/c1b47-cartel-apaisado-01.jpg?fit=800%2C533&ssl=1",800,533,true],"comment_info":0,"category_info":[{"term_id":13,"name":"Dream media","slug":"dream-media","term_group":0,"term_taxonomy_id":13,"taxonomy":"category","description":"","parent":0,"count":273,"filter":"raw","cat_ID":13,"category_count":273,"category_description":"","cat_name":"Dream media","category_nicename":"dream-media","category_parent":0}],"tag_info":false,"jetpack_featured_media_url":"https:\/\/i0.wp.com\/www.dreammedia.es\/blog\/wp-content\/uploads\/c1b47-cartel-apaisado-01.jpg?fit=800%2C533&ssl=1","jetpack-related-posts":[{"id":1563,"url":"https:\/\/www.dreammedia.es\/blog\/gira-marc-anthony-canarias-2015\/","url_meta":{"origin":1515,"position":0},"title":"Gira Marc Anthony Canarias 2015","author":"Dream media","date":"","format":false,"excerpt":"Campa\u00f1a del concierto Marc Anthony 2015","rel":"","context":"En \u00abDream media\u00bb","block_context":{"text":"Dream media","link":"https:\/\/www.dreammedia.es\/blog\/category\/dream-media\/"},"img":{"alt_text":"","src":"https:\/\/i0.wp.com\/www.dreammedia.es\/blog\/wp-content\/uploads\/fc696-cartel-venta-lpa.jpg?fit=840%2C1200&ssl=1&resize=350%2C200","width":350,"height":200,"srcset":"https:\/\/i0.wp.com\/www.dreammedia.es\/blog\/wp-content\/uploads\/fc696-cartel-venta-lpa.jpg?fit=840%2C1200&ssl=1&resize=350%2C200 1x, https:\/\/i0.wp.com\/www.dreammedia.es\/blog\/wp-content\/uploads\/fc696-cartel-venta-lpa.jpg?fit=840%2C1200&ssl=1&resize=525%2C300 1.5x, https:\/\/i0.wp.com\/www.dreammedia.es\/blog\/wp-content\/uploads\/fc696-cartel-venta-lpa.jpg?fit=840%2C1200&ssl=1&resize=700%2C400 2x"},"classes":[]},{"id":5130,"url":"https:\/\/www.dreammedia.es\/blog\/felices-fiestas-y-feliz-2015\/","url_meta":{"origin":1515,"position":1},"title":"Felices fiestas y feliz 2015","author":"Dream media","date":"","format":false,"excerpt":"Con este video deseamos Felices Fiestas en 2015 https:\/\/youtu.be\/P09yPmkCq2U?feature=shared","rel":"","context":"En \u00abDream media\u00bb","block_context":{"text":"Dream media","link":"https:\/\/www.dreammedia.es\/blog\/category\/dream-media\/"},"img":{"alt_text":"","src":"https:\/\/i0.wp.com\/www.dreammedia.es\/blog\/wp-content\/uploads\/Captura-de-pantalla-2024-05-01-a-las-15.05.50.png?fit=1200%2C678&ssl=1&resize=350%2C200","width":350,"height":200,"srcset":"https:\/\/i0.wp.com\/www.dreammedia.es\/blog\/wp-content\/uploads\/Captura-de-pantalla-2024-05-01-a-las-15.05.50.png?fit=1200%2C678&ssl=1&resize=350%2C200 1x, https:\/\/i0.wp.com\/www.dreammedia.es\/blog\/wp-content\/uploads\/Captura-de-pantalla-2024-05-01-a-las-15.05.50.png?fit=1200%2C678&ssl=1&resize=525%2C300 1.5x, https:\/\/i0.wp.com\/www.dreammedia.es\/blog\/wp-content\/uploads\/Captura-de-pantalla-2024-05-01-a-las-15.05.50.png?fit=1200%2C678&ssl=1&resize=700%2C400 2x, https:\/\/i0.wp.com\/www.dreammedia.es\/blog\/wp-content\/uploads\/Captura-de-pantalla-2024-05-01-a-las-15.05.50.png?fit=1200%2C678&ssl=1&resize=1050%2C600 3x"},"classes":[]},{"id":1571,"url":"https:\/\/www.dreammedia.es\/blog\/moda-calida-2015-lenita-xtg\/","url_meta":{"origin":1515,"position":2},"title":"Moda C\u00e1lida 2015 (LENITA &amp; XTG)","author":"Dream media","date":"","format":false,"excerpt":"Desfile del 30 aniversario de las firmas de Gran Canaria, Lenita y XTG en Moda C\u00e1lida 2015, donde realizamos la producci\u00f3n audiovisual y selecci\u00f3n musical https:\/\/youtu.be\/wfgDMZ_uM34?feature=shared","rel":"","context":"En \u00abDream media\u00bb","block_context":{"text":"Dream media","link":"https:\/\/www.dreammedia.es\/blog\/category\/dream-media\/"},"img":{"alt_text":"","src":"https:\/\/i0.wp.com\/www.dreammedia.es\/blog\/wp-content\/uploads\/4a0c5-img_1277.jpg?fit=1024%2C576&ssl=1&resize=350%2C200","width":350,"height":200,"srcset":"https:\/\/i0.wp.com\/www.dreammedia.es\/blog\/wp-content\/uploads\/4a0c5-img_1277.jpg?fit=1024%2C576&ssl=1&resize=350%2C200 1x, https:\/\/i0.wp.com\/www.dreammedia.es\/blog\/wp-content\/uploads\/4a0c5-img_1277.jpg?fit=1024%2C576&ssl=1&resize=525%2C300 1.5x, https:\/\/i0.wp.com\/www.dreammedia.es\/blog\/wp-content\/uploads\/4a0c5-img_1277.jpg?fit=1024%2C576&ssl=1&resize=700%2C400 2x"},"classes":[]},{"id":1642,"url":"https:\/\/www.dreammedia.es\/blog\/promo-ipanema-clara-lago-final-supervivientes-2015\/","url_meta":{"origin":1515,"position":3},"title":"Promo Ipanema Clara Lago &#8211; final supervivientes 2015","author":"Dream media","date":"","format":false,"excerpt":"Ipanema presento a nivel nacional a trav\u00e9s de Publicidad Atlantis en el programa m\u00e1s visto del domingo 12 de julio 2015 su colecci\u00f3n de sandalias para este verano. ver en telecinco.es","rel":"","context":"En \u00abDream media\u00bb","block_context":{"text":"Dream media","link":"https:\/\/www.dreammedia.es\/blog\/category\/dream-media\/"},"img":{"alt_text":"","src":"https:\/\/i0.wp.com\/www.dreammedia.es\/blog\/wp-content\/uploads\/77f57-slider_1_bgclaralago15-1667.jpg?resize=350%2C200&ssl=1","width":350,"height":200,"srcset":"https:\/\/i0.wp.com\/www.dreammedia.es\/blog\/wp-content\/uploads\/77f57-slider_1_bgclaralago15-1667.jpg?resize=350%2C200&ssl=1 1x, https:\/\/i0.wp.com\/www.dreammedia.es\/blog\/wp-content\/uploads\/77f57-slider_1_bgclaralago15-1667.jpg?resize=525%2C300&ssl=1 1.5x, https:\/\/i0.wp.com\/www.dreammedia.es\/blog\/wp-content\/uploads\/77f57-slider_1_bgclaralago15-1667.jpg?resize=700%2C400&ssl=1 2x, https:\/\/i0.wp.com\/www.dreammedia.es\/blog\/wp-content\/uploads\/77f57-slider_1_bgclaralago15-1667.jpg?resize=1050%2C600&ssl=1 3x, https:\/\/i0.wp.com\/www.dreammedia.es\/blog\/wp-content\/uploads\/77f57-slider_1_bgclaralago15-1667.jpg?resize=1400%2C800&ssl=1 4x"},"classes":[]},{"id":1592,"url":"https:\/\/www.dreammedia.es\/blog\/fitur-2015\/","url_meta":{"origin":1515,"position":4},"title":"Fitur 2015","author":"Dream media","date":"","format":false,"excerpt":"La isla de Gran Canaria acudi\u00f3 a la Feria Internacional de Turismo de Madrid (Fitur), que celebra su 35.\u00aa edici\u00f3n del 28 de enero al 1 de febrero. Rodaje","rel":"","context":"En \u00abDream media\u00bb","block_context":{"text":"Dream media","link":"https:\/\/www.dreammedia.es\/blog\/category\/dream-media\/"},"img":{"alt_text":"","src":"https:\/\/i0.wp.com\/www.dreammedia.es\/blog\/wp-content\/uploads\/be695-fitur-2015-stand-de-gran-canaria.jpg?fit=642%2C426&ssl=1&resize=350%2C200","width":350,"height":200,"srcset":"https:\/\/i0.wp.com\/www.dreammedia.es\/blog\/wp-content\/uploads\/be695-fitur-2015-stand-de-gran-canaria.jpg?fit=642%2C426&ssl=1&resize=350%2C200 1x, https:\/\/i0.wp.com\/www.dreammedia.es\/blog\/wp-content\/uploads\/be695-fitur-2015-stand-de-gran-canaria.jpg?fit=642%2C426&ssl=1&resize=525%2C300 1.5x"},"classes":[]},{"id":1720,"url":"https:\/\/www.dreammedia.es\/blog\/resumen-temporada-2015-2016\/","url_meta":{"origin":1515,"position":5},"title":"Resumen temporada 2015-2016","author":"Dream media","date":"","format":false,"excerpt":"Resumen de una temporada hist\u00f3rica de la UD Las Palmas Video en el canal de LaLiga https:\/\/youtu.be\/KNA2fRGT-Vg?si=h1vuK5SoBZtmUpM6","rel":"","context":"En \u00abDream media\u00bb","block_context":{"text":"Dream media","link":"https:\/\/www.dreammedia.es\/blog\/category\/dream-media\/"},"img":{"alt_text":"","src":"https:\/\/i0.wp.com\/www.dreammedia.es\/blog\/wp-content\/uploads\/Captura-de-pantalla-2024-05-02-a-las-9.47.09.png?fit=1200%2C673&ssl=1&resize=350%2C200","width":350,"height":200,"srcset":"https:\/\/i0.wp.com\/www.dreammedia.es\/blog\/wp-content\/uploads\/Captura-de-pantalla-2024-05-02-a-las-9.47.09.png?fit=1200%2C673&ssl=1&resize=350%2C200 1x, https:\/\/i0.wp.com\/www.dreammedia.es\/blog\/wp-content\/uploads\/Captura-de-pantalla-2024-05-02-a-las-9.47.09.png?fit=1200%2C673&ssl=1&resize=525%2C300 1.5x, https:\/\/i0.wp.com\/www.dreammedia.es\/blog\/wp-content\/uploads\/Captura-de-pantalla-2024-05-02-a-las-9.47.09.png?fit=1200%2C673&ssl=1&resize=700%2C400 2x, https:\/\/i0.wp.com\/www.dreammedia.es\/blog\/wp-content\/uploads\/Captura-de-pantalla-2024-05-02-a-las-9.47.09.png?fit=1200%2C673&ssl=1&resize=1050%2C600 3x"},"classes":[]}],"jetpack_sharing_enabled":true,"_links":{"self":[{"href":"https:\/\/www.dreammedia.es\/blog\/wp-json\/wp\/v2\/posts\/1515","targetHints":{"allow":["GET"]}}],"collection":[{"href":"https:\/\/www.dreammedia.es\/blog\/wp-json\/wp\/v2\/posts"}],"about":[{"href":"https:\/\/www.dreammedia.es\/blog\/wp-json\/wp\/v2\/types\/post"}],"author":[{"embeddable":true,"href":"https:\/\/www.dreammedia.es\/blog\/wp-json\/wp\/v2\/users\/1"}],"replies":[{"embeddable":true,"href":"https:\/\/www.dreammedia.es\/blog\/wp-json\/wp\/v2\/comments?post=1515"}],"version-history":[{"count":3,"href":"https:\/\/www.dreammedia.es\/blog\/wp-json\/wp\/v2\/posts\/1515\/revisions"}],"predecessor-version":[{"id":5776,"href":"https:\/\/www.dreammedia.es\/blog\/wp-json\/wp\/v2\/posts\/1515\/revisions\/5776"}],"wp:featuredmedia":[{"embeddable":true,"href":"https:\/\/www.dreammedia.es\/blog\/wp-json\/wp\/v2\/media\/1517"}],"wp:attachment":[{"href":"https:\/\/www.dreammedia.es\/blog\/wp-json\/wp\/v2\/media?parent=1515"}],"wp:term":[{"taxonomy":"category","embeddable":true,"href":"https:\/\/www.dreammedia.es\/blog\/wp-json\/wp\/v2\/categories?post=1515"},{"taxonomy":"post_tag","embeddable":true,"href":"https:\/\/www.dreammedia.es\/blog\/wp-json\/wp\/v2\/tags?post=1515"}],"curies":[{"name":"wp","href":"https:\/\/api.w.org\/{rel}","templated":true}]}}