{"id":1892,"date":"2007-03-10T13:31:15","date_gmt":"2007-03-10T13:31:15","guid":{"rendered":"http:\/\/dreammedia.wordpress.com\/2007\/03\/10\/dream-media-presente-en-la-junta-directiva-de-aite\/"},"modified":"2024-05-12T10:50:03","modified_gmt":"2024-05-12T10:50:03","slug":"dream-media-presente-en-la-junta-directiva-de-aite","status":"publish","type":"post","link":"https:\/\/www.dreammedia.es\/blog\/dream-media-presente-en-la-junta-directiva-de-aite\/","title":{"rendered":"Dream media presente en la junta directiva de Aite"},"content":{"rendered":"\n<p><acronym title=\"Director general de Avid Technology\">Jos\u00e9 Ram\u00f3n Rodr\u00edguez<\/acronym>, fue reelegido presidente de la Asociaci\u00f3n de Industrias T\u00e9cnicas del Audiovisual Espa\u00f1ol, aiTe, para los pr\u00f3ximos dos a\u00f1os, durante Asamblea General celebrada en la Escuela de Cinematograf\u00eda y del Audiovisual de la Comunidad de Madrid ECAM. La estructura de la nueva Junta Directiva de <acronym title=\"Asociaci\u00f3n de Industrias T\u00e9cnicas del Audiovisual Espa\u00f1ol\">aite<\/acronym> contar\u00e1 con tres vicepresidencias que representar\u00e1n las \u00e1reas de trabajo en las que la Asociaci\u00f3n quiere trabajar especialmente. Una vicepresidencia primera del sector de la industria t\u00e9cnica, que recae en Ram\u00f3n Martos Vivar de Image Film, y que, entre otros objetivos, estudiar\u00e1 como novedad la estructuraci\u00f3n territorial de aiTe. Una vicepresidencia de relaciones institucionales, representada por Marichu Corugedo de Estudios Exa; y una tercera vicepresidencia de formaci\u00f3n, que recae en Jorge Varela de la ECAM.<\/p>\n\n\n\n<p>El resto de la Junta Directiva queda compuesta por Manuel Perales (Ediciones Digitales) en calidad de tesorero, y como vocales: Epifanio Mart\u00edn (Sony) Josep M\u00aa Padr\u00f3s (Sonoblok) Manuel Rodr\u00edguez (Imagen Line) Jes\u00fas Mart\u00ednez (Kincine) Javier Angulo (Dream Media) \u00d3scar P\u00e9rez (EPC) Nuria Paniagua (Info TV Producciones) \u00c1lvaro Berenguer (Camara Rental) Miguel Hidalgo (CEIAF).<\/p>\n\n\n\n<figure class=\"wp-block-image size-full is-resized\"><img data-recalc-dims=\"1\" loading=\"lazy\" decoding=\"async\" width=\"310\" height=\"102\" src=\"https:\/\/i0.wp.com\/www.dreammedia.es\/blog\/wp-content\/uploads\/aite-310x102-1.jpg?resize=310%2C102&#038;ssl=1\" alt=\"\" class=\"wp-image-5121\" style=\"width:732px;height:auto\" srcset=\"https:\/\/i0.wp.com\/www.dreammedia.es\/blog\/wp-content\/uploads\/aite-310x102-1.jpg?w=310&amp;ssl=1 310w, https:\/\/i0.wp.com\/www.dreammedia.es\/blog\/wp-content\/uploads\/aite-310x102-1.jpg?resize=300%2C99&amp;ssl=1 300w\" sizes=\"auto, (max-width: 310px) 100vw, 310px\" \/><\/figure>\n\n\n\n<p class=\"has-text-align-center\"><\/p>\n\n\n\n<p>Empresas que conforman Aite:<\/p>\n\n\n\n<p>Avid Technology, Panasonic, Sony, Christie, DTS Digital Entertainment, Silicon Graphics, Agfa Motion Picture, Kodak Divisi\u00f3n de Cine Profesional, Fujifilm Media Pro y Cine, Digital HiRes, HiCOM, CTM Debrie, EAC, ECAM, Digital Open Gate, Ondas Escolares y Universitarias, Aguamarga Gesti\u00f3n de Estudios, Estudios Exa, 103 Todd-Ao Estudios, Iberc\u00edn, Navarra de Cine, Audio Spot, Iluminaci\u00f3n FM, Ovide BS, Bandaparte, Image Film, Post Engineering, Camara Rental, Imagen Line, Reyes Abades, Efectos Especiales, CEIAF, Info TV Producciones, Sonoblok, Dream media, International Sound Studio, Sonygraf, Ediciones Digitales, Iskra Soundtrack, Enboca Audiovisual, Kincine, Southern Sun, EPC, Kines Producciones, Tatudec, Esc\u00e9nicas Moya, LaserFilm, Technicolor, Estudios Alcine, Mediarena (Media PRO), Telson, Fotofilm Deluxe, Molina Efectos Especiales, Voil\u00e0 DVD Art Studio, Molinare.<\/p>\n\n\n\n<p>M\u00e1s informaci\u00f3n: <a href=\"http:\/\/www.aite.es\" target=\"_blank\" rel=\"noopener\">www.aite.es<\/a><\/p>\n<span class=\"kt-load-after-post\"><\/span>","protected":false},"excerpt":{"rendered":"<p>Jos\u00e9 Ram\u00f3n Rodr\u00edguez, fue reelegido presidente de la Asociaci\u00f3n de Industrias T\u00e9cnicas del Audiovisual Espa\u00f1ol, aiTe, para los pr\u00f3ximos dos a\u00f1os, durante Asamblea General celebrada en la Escuela de Cinematograf\u00eda y del Audiovisual de la Comunidad de Madrid ECAM. La estructura de la nueva Junta Directiva de aite contar\u00e1 con tres vicepresidencias que representar\u00e1n las&#8230;<\/p>\n","protected":false},"author":1,"featured_media":5121,"comment_status":"closed","ping_status":"closed","sticky":false,"template":"","format":"standard","meta":{"_kad_blocks_custom_css":"","_kad_blocks_head_custom_js":"","_kad_blocks_body_custom_js":"","_kad_blocks_footer_custom_js":"","advanced_seo_description":"","jetpack_seo_html_title":"","jetpack_seo_noindex":false,"_kadence_starter_templates_imported_post":false,"_kad_post_transparent":"","_kad_post_title":"","_kad_post_layout":"","_kad_post_sidebar_id":"","_kad_post_content_style":"","_kad_post_vertical_padding":"","_kad_post_feature":"","_kad_post_feature_position":"","_kad_post_header":false,"_kad_post_footer":false,"_jetpack_memberships_contains_paid_content":false,"footnotes":""},"categories":[13],"tags":[],"class_list":["post-1892","post","type-post","status-publish","format-standard","has-post-thumbnail","hentry","category-dream-media"],"featured_image_src":"https:\/\/i0.wp.com\/www.dreammedia.es\/blog\/wp-content\/uploads\/aite-310x102-1.jpg?fit=310%2C102&ssl=1","author_info":{"display_name":"Dream media","author_link":"https:\/\/www.dreammedia.es\/blog\/author\/morenoangulo\/"},"taxonomy_info":{"category":[{"value":13,"label":"Dream media"}]},"featured_image_src_large":["https:\/\/i0.wp.com\/www.dreammedia.es\/blog\/wp-content\/uploads\/aite-310x102-1.jpg?fit=310%2C102&ssl=1",310,102,true],"comment_info":0,"category_info":[{"term_id":13,"name":"Dream media","slug":"dream-media","term_group":0,"term_taxonomy_id":13,"taxonomy":"category","description":"","parent":0,"count":273,"filter":"raw","cat_ID":13,"category_count":273,"category_description":"","cat_name":"Dream media","category_nicename":"dream-media","category_parent":0}],"tag_info":false,"jetpack_featured_media_url":"https:\/\/i0.wp.com\/www.dreammedia.es\/blog\/wp-content\/uploads\/aite-310x102-1.jpg?fit=310%2C102&ssl=1","jetpack-related-posts":[{"id":3401,"url":"https:\/\/www.dreammedia.es\/blog\/real-club-de-golf-de-las-palmas\/","url_meta":{"origin":1892,"position":0},"title":"Real Club de Golf de Las Palmas","author":"Dream media","date":"","format":false,"excerpt":"De la mano de Atlantis publicidad, producci\u00f3n de videos para la felicitaci\u00f3n Navide\u00f1a del personal y la Junta Directiva del Club y homenaje a sus trabajadores https:\/\/youtu.be\/IYBvd-InOUk?si=TRV5QcigBCEcFR1m","rel":"","context":"En \u00abDream media\u00bb","block_context":{"text":"Dream media","link":"https:\/\/www.dreammedia.es\/blog\/category\/dream-media\/"},"img":{"alt_text":"","src":"https:\/\/i0.wp.com\/www.dreammedia.es\/blog\/wp-content\/uploads\/Captura-de-pantalla-2020-04-22-a-las-22.14.19.png?fit=1200%2C669&ssl=1&resize=350%2C200","width":350,"height":200,"srcset":"https:\/\/i0.wp.com\/www.dreammedia.es\/blog\/wp-content\/uploads\/Captura-de-pantalla-2020-04-22-a-las-22.14.19.png?fit=1200%2C669&ssl=1&resize=350%2C200 1x, https:\/\/i0.wp.com\/www.dreammedia.es\/blog\/wp-content\/uploads\/Captura-de-pantalla-2020-04-22-a-las-22.14.19.png?fit=1200%2C669&ssl=1&resize=525%2C300 1.5x, https:\/\/i0.wp.com\/www.dreammedia.es\/blog\/wp-content\/uploads\/Captura-de-pantalla-2020-04-22-a-las-22.14.19.png?fit=1200%2C669&ssl=1&resize=700%2C400 2x, https:\/\/i0.wp.com\/www.dreammedia.es\/blog\/wp-content\/uploads\/Captura-de-pantalla-2020-04-22-a-las-22.14.19.png?fit=1200%2C669&ssl=1&resize=1050%2C600 3x"},"classes":[]},{"id":548,"url":"https:\/\/www.dreammedia.es\/blog\/dream-media-miembro-del-cluster-de-comunicacion-y-marketing\/","url_meta":{"origin":1892,"position":1},"title":"Dream media miembro del cluster de comunicaci\u00f3n y marketing","author":"Dream media","date":"","format":false,"excerpt":"Dream media a trav\u00e9s de su CEO Javier Angulo esta presente en el consejo del reci\u00e9n creado \"Cluster de Comunicaci\u00f3n y Marketing de las islas Canarias\" que nace como respuesta a la notable presencia de la comunidad canaria en el sector del marketing, tanto en ventas y como en comunicaci\u00f3n.\u2026","rel":"","context":"En \u00abDream media\u00bb","block_context":{"text":"Dream media","link":"https:\/\/www.dreammedia.es\/blog\/category\/dream-media\/"},"img":{"alt_text":"Cluster","src":"https:\/\/javierangulom.files.wordpress.com\/2019\/07\/c4db1-61164_146398105401737_141043869270494_203024_7763157_n.jpg?w=350&h=200&crop=1","width":350,"height":200},"classes":[]},{"id":1309,"url":"https:\/\/www.dreammedia.es\/blog\/gran-canaria-moda-calida-2014\/","url_meta":{"origin":1892,"position":2},"title":"Gran Canaria Moda C\u00e1lida 2014","author":"Dream media","date":"","format":false,"excerpt":"Una edici\u00f3n m\u00e1s de Gran Canaria Moda C\u00e1lida en la que Dream media est\u00e1 presente con la producci\u00f3n y postproducci\u00f3n audiovisual. https:\/\/youtu.be\/Ox7k7SVIy5w?feature=shared","rel":"","context":"En \u00abDream media\u00bb","block_context":{"text":"Dream media","link":"https:\/\/www.dreammedia.es\/blog\/category\/dream-media\/"},"img":{"alt_text":"","src":"https:\/\/i0.wp.com\/www.dreammedia.es\/blog\/wp-content\/uploads\/unnamed.jpg?fit=900%2C900&ssl=1&resize=350%2C200","width":350,"height":200,"srcset":"https:\/\/i0.wp.com\/www.dreammedia.es\/blog\/wp-content\/uploads\/unnamed.jpg?fit=900%2C900&ssl=1&resize=350%2C200 1x, https:\/\/i0.wp.com\/www.dreammedia.es\/blog\/wp-content\/uploads\/unnamed.jpg?fit=900%2C900&ssl=1&resize=525%2C300 1.5x, https:\/\/i0.wp.com\/www.dreammedia.es\/blog\/wp-content\/uploads\/unnamed.jpg?fit=900%2C900&ssl=1&resize=700%2C400 2x"},"classes":[]},{"id":1899,"url":"https:\/\/www.dreammedia.es\/blog\/nueva-ley-general-audiovisual\/","url_meta":{"origin":1892,"position":3},"title":"Nueva Ley General Audiovisual","author":"Dream media","date":"","format":false,"excerpt":"Desde principios de mayo entr\u00f3 en vigor la Ley General Audiovisual que, entre otras cosas, se encarga de vigilar los contenidos televisivos, proteger a los menores y controlar la publicidad. Esta nueva norma, por ejemplo, establece que los contenidos que puedan ser \"perjudiciales para el desarrollo f\u00edsico, mental o moral\u2026","rel":"","context":"En \u00abDream media\u00bb","block_context":{"text":"Dream media","link":"https:\/\/www.dreammedia.es\/blog\/category\/dream-media\/"},"img":{"alt_text":"","src":"","width":0,"height":0},"classes":[]},{"id":2437,"url":"https:\/\/www.dreammedia.es\/blog\/gran-canaria-summer-festival\/","url_meta":{"origin":1892,"position":4},"title":"Gran Canaria Summer Festival","author":"Dream media","date":"","format":false,"excerpt":"Producci\u00f3n audiovisual y coordinaci\u00f3n art\u00edstica. https:\/\/youtu.be\/7hjMw56xcS0 https:\/\/youtu.be\/sAJvRHE0J_A?si=ECs6EZAwkr3IArOx https:\/\/www.youtube.com\/watch?v=44zLityNDEY https:\/\/youtu.be\/5mIbgTjiF18","rel":"","context":"En \u00abDream media\u00bb","block_context":{"text":"Dream media","link":"https:\/\/www.dreammedia.es\/blog\/category\/dream-media\/"},"img":{"alt_text":"","src":"https:\/\/i0.wp.com\/img.youtube.com\/vi\/7hjMw56xcS0\/0.jpg?resize=350%2C200","width":350,"height":200},"classes":[]},{"id":1889,"url":"https:\/\/www.dreammedia.es\/blog\/8\/","url_meta":{"origin":1892,"position":5},"title":"Revista Sony Profesional","author":"Dream media","date":"","format":false,"excerpt":"En su edici\u00f3n internacional incluye un art\u00edculo sobre Dream media...... En este art\u00edculo publicado en la edici\u00f3n internacional de sony, detalla la apuesta decisiva por las nuevas tecnolog\u00edas en Dream media y como ha incorporado la familia XDCAM a los procesos de trabajo de la productora, resaltando ser la primera\u2026","rel":"","context":"En \u00abDream media\u00bb","block_context":{"text":"Dream media","link":"https:\/\/www.dreammedia.es\/blog\/category\/dream-media\/"},"img":{"alt_text":"","src":"https:\/\/i0.wp.com\/www.dreammedia.es\/blog\/wp-content\/uploads\/a4da6-sony1.webp?resize=350%2C200&ssl=1","width":350,"height":200},"classes":[]}],"jetpack_sharing_enabled":true,"_links":{"self":[{"href":"https:\/\/www.dreammedia.es\/blog\/wp-json\/wp\/v2\/posts\/1892","targetHints":{"allow":["GET"]}}],"collection":[{"href":"https:\/\/www.dreammedia.es\/blog\/wp-json\/wp\/v2\/posts"}],"about":[{"href":"https:\/\/www.dreammedia.es\/blog\/wp-json\/wp\/v2\/types\/post"}],"author":[{"embeddable":true,"href":"https:\/\/www.dreammedia.es\/blog\/wp-json\/wp\/v2\/users\/1"}],"replies":[{"embeddable":true,"href":"https:\/\/www.dreammedia.es\/blog\/wp-json\/wp\/v2\/comments?post=1892"}],"version-history":[{"count":1,"href":"https:\/\/www.dreammedia.es\/blog\/wp-json\/wp\/v2\/posts\/1892\/revisions"}],"predecessor-version":[{"id":5122,"href":"https:\/\/www.dreammedia.es\/blog\/wp-json\/wp\/v2\/posts\/1892\/revisions\/5122"}],"wp:featuredmedia":[{"embeddable":true,"href":"https:\/\/www.dreammedia.es\/blog\/wp-json\/wp\/v2\/media\/5121"}],"wp:attachment":[{"href":"https:\/\/www.dreammedia.es\/blog\/wp-json\/wp\/v2\/media?parent=1892"}],"wp:term":[{"taxonomy":"category","embeddable":true,"href":"https:\/\/www.dreammedia.es\/blog\/wp-json\/wp\/v2\/categories?post=1892"},{"taxonomy":"post_tag","embeddable":true,"href":"https:\/\/www.dreammedia.es\/blog\/wp-json\/wp\/v2\/tags?post=1892"}],"curies":[{"name":"wp","href":"https:\/\/api.w.org\/{rel}","templated":true}]}}