{"id":1897,"date":"2009-03-30T12:54:49","date_gmt":"2009-03-30T12:54:49","guid":{"rendered":"http:\/\/www.grupodm.tv\/blog\/?p=185"},"modified":"2024-05-12T10:49:08","modified_gmt":"2024-05-12T10:49:08","slug":"jose-luis-leon-premio-trayectoria-profesional","status":"publish","type":"post","link":"https:\/\/www.dreammedia.es\/blog\/jose-luis-leon-premio-trayectoria-profesional\/","title":{"rendered":"Jos\u00e9 Luis Le\u00f3n, Premio trayectoria profesional"},"content":{"rendered":"<p><strong>Jos\u00e9 Luis Le\u00f3n Eugenio<\/strong> ser\u00e1 quien reciba, a instancias del jurado, el Premio Especial \u201c<strong>La Caja de Canarias<\/strong>\u201d del primer Concurso de Publicidad y Marketing de Canarias \u201c<strong>Las Iniciativas<\/strong>\u201d. Este galard\u00f3n tiene el prop\u00f3sito de destacar al premiado por su trayectoria como profesional en las ventas y el marketing en nuestras islas.<\/p>\n<p>Para la decisi\u00f3n del jurado de otorgar este galard\u00f3n, se valor\u00f3 la capacidad del premiado a contribuir de una forma protagonista al desarrollo del marketing y la publicidad en Canarias y, por otro lado, que su peso profesional haya trascendido del \u00e1mbito insular. Este Premio Especial \u201c<strong>La Caja de Canarias<\/strong>\u201d quiere, de esta manera, reconocer la trayectoria de alg\u00fan profesional destacado del sector.<\/p>\n<p><strong>Jos\u00e9 Luis Le\u00f3n Eugenio<\/strong> tiene un pasado repleto de iniciativas en el mundo del marketing de las islas y es \u201cpadre\u201d profesional de algunos de los protagonistas m\u00e1s destacados del sector canario. Desarroll\u00f3 su carrera profesional en compa\u00f1\u00edas l\u00edderes de gran consumo como son <strong>R.J.R. Nabisco<\/strong> y <strong>Japan Tobacco International<\/strong>, desempe\u00f1ando diferentes puestos de responsabilidad en las \u00e1reas de Marketing, Ventas y Gesti\u00f3n.<\/p>\n<p>Su progresi\u00f3n dentro de estas empresas le llev\u00f3 a alcanzar puestos laborales de alta gesti\u00f3n hasta convertirse en Business Director y miembro del Comit\u00e9 Ejecutivo de <strong>JTI IBERIA<\/strong> a nivel nacional. Actualmente es Director Gerente del <strong>Grupo Aguas Minerales de Firgas<\/strong>, compa\u00f1\u00eda l\u00edder en Canarias en el sector de bebidas refrescantes con marcas como Firgas, San Ant\u00f3n y Vitalia.<\/p>\n<p>Adem\u00e1s, este licenciado en Ciencias Econ\u00f3micas por la Universidad Complutense de Madrid y M\u00e1ster en Administraci\u00f3n y Direcci\u00f3n de Empresas (MBA), fue seleccionado a nivel europeo para el programa R.J.R. Talents y lleg\u00f3 a ser elegido entre los \u201c500 Directivos claves\u201d de Espa\u00f1a por la revista Nueva Empresa.<\/p>\n<p>Con este Premio Especial \u201c<strong>La Caja de Canarias<\/strong>\u201d, el primer concurso de publicidad y marketing del archipi\u00e9lago otorga el segundo de los galardones que se entregan de manera paralela al festival.<\/p>\n<p>Con estos galardones, la organizaci\u00f3n de \u201cLas Iniciativas\u201d ha pretendido reconocer a los profesionales del sector y sus trayectorias fuera de concurso.<\/p>\n<span class=\"kt-load-after-post\"><\/span>","protected":false},"excerpt":{"rendered":"<p>Jos\u00e9 Luis Le\u00f3n Eugenio ser\u00e1 quien reciba, a instancias del jurado, el Premio Especial \u201cLa Caja de Canarias\u201d del primer Concurso de Publicidad y Marketing de Canarias \u201cLas Iniciativas\u201d. Este galard\u00f3n tiene el prop\u00f3sito de destacar al premiado por su trayectoria como profesional en las ventas y el marketing en nuestras islas. Para la decisi\u00f3n&#8230;<\/p>\n","protected":false},"author":1,"featured_media":753,"comment_status":"closed","ping_status":"closed","sticky":false,"template":"","format":"standard","meta":{"_kad_blocks_custom_css":"","_kad_blocks_head_custom_js":"","_kad_blocks_body_custom_js":"","_kad_blocks_footer_custom_js":"","advanced_seo_description":"","jetpack_seo_html_title":"","jetpack_seo_noindex":false,"_kadence_starter_templates_imported_post":false,"_kad_post_transparent":"","_kad_post_title":"","_kad_post_layout":"","_kad_post_sidebar_id":"","_kad_post_content_style":"","_kad_post_vertical_padding":"","_kad_post_feature":"","_kad_post_feature_position":"","_kad_post_header":false,"_kad_post_footer":false,"_jetpack_memberships_contains_paid_content":false,"footnotes":""},"categories":[13],"tags":[],"class_list":["post-1897","post","type-post","status-publish","format-standard","has-post-thumbnail","hentry","category-dream-media"],"featured_image_src":"https:\/\/i0.wp.com\/www.dreammedia.es\/blog\/wp-content\/uploads\/fe34e-61164_146398105401737_141043869270494_203024_7763157_n-150x100-1.jpg?fit=150%2C100&ssl=1","author_info":{"display_name":"Dream media","author_link":"https:\/\/www.dreammedia.es\/blog\/author\/morenoangulo\/"},"taxonomy_info":{"category":[{"value":13,"label":"Dream media"}]},"featured_image_src_large":["https:\/\/i0.wp.com\/www.dreammedia.es\/blog\/wp-content\/uploads\/fe34e-61164_146398105401737_141043869270494_203024_7763157_n-150x100-1.jpg?fit=150%2C100&ssl=1",150,100,true],"comment_info":0,"category_info":[{"term_id":13,"name":"Dream media","slug":"dream-media","term_group":0,"term_taxonomy_id":13,"taxonomy":"category","description":"","parent":0,"count":273,"filter":"raw","cat_ID":13,"category_count":273,"category_description":"","cat_name":"Dream media","category_nicename":"dream-media","category_parent":0}],"tag_info":false,"jetpack_featured_media_url":"https:\/\/i0.wp.com\/www.dreammedia.es\/blog\/wp-content\/uploads\/fe34e-61164_146398105401737_141043869270494_203024_7763157_n-150x100-1.jpg?fit=150%2C100&ssl=1","jetpack-related-posts":[{"id":461,"url":"https:\/\/www.dreammedia.es\/blog\/premios-en-canarias\/","url_meta":{"origin":1897,"position":0},"title":"Premios en Canarias","author":"Dream media","date":"","format":false,"excerpt":"Nos env\u00eda Eladio Bomb\u00edn de Puro mercadeo una importante iniciativa para el sector publicitario de las islas que esperemos contin\u00fae cada a\u00f1o, este es el segundo intento de crear unos premios en las islas, despu\u00e9s de los premios vulcan. El Concurso \u201cLas Iniciativas\u201d. Se celebrara el 3-04-2009. El a\u00f1o 2009\u2026","rel":"","context":"En \u00abDream media\u00bb","block_context":{"text":"Dream media","link":"https:\/\/www.dreammedia.es\/blog\/category\/dream-media\/"},"img":{"alt_text":"","src":"","width":0,"height":0},"classes":[]},{"id":1903,"url":"https:\/\/www.dreammedia.es\/blog\/jar-premio-canarias-2009\/","url_meta":{"origin":1897,"position":1},"title":"JAR PREMIO CANARIAS 2009","author":"Dream media","date":"","format":false,"excerpt":"Aunque ya lo comentamos no nos cansaremos de repetir la inmensa perdida que tuvimos en el 2008 tanto en lo personal como profesional. Un m\u00fasico de las islas universal que realiz\u00f3 a lo largo de su trayectoria profesional muchos trabajos en publicidad desconocidos para la gran mayor\u00eda. Hoy ayudamos humildemente\u2026","rel":"","context":"En \u00abDream media\u00bb","block_context":{"text":"Dream media","link":"https:\/\/www.dreammedia.es\/blog\/category\/dream-media\/"},"img":{"alt_text":"","src":"https:\/\/i0.wp.com\/www.dreammedia.es\/blog\/wp-content\/uploads\/2df3b-jar.webp?fit=300%2C250&ssl=1&resize=350%2C200","width":350,"height":200},"classes":[]},{"id":548,"url":"https:\/\/www.dreammedia.es\/blog\/dream-media-miembro-del-cluster-de-comunicacion-y-marketing\/","url_meta":{"origin":1897,"position":2},"title":"Dream media miembro del cluster de comunicaci\u00f3n y marketing","author":"Dream media","date":"","format":false,"excerpt":"Dream media a trav\u00e9s de su CEO Javier Angulo esta presente en el consejo del reci\u00e9n creado \"Cluster de Comunicaci\u00f3n y Marketing de las islas Canarias\" que nace como respuesta a la notable presencia de la comunidad canaria en el sector del marketing, tanto en ventas y como en comunicaci\u00f3n.\u2026","rel":"","context":"En \u00abDream media\u00bb","block_context":{"text":"Dream media","link":"https:\/\/www.dreammedia.es\/blog\/category\/dream-media\/"},"img":{"alt_text":"Cluster","src":"https:\/\/javierangulom.files.wordpress.com\/2019\/07\/c4db1-61164_146398105401737_141043869270494_203024_7763157_n.jpg?w=350&h=200&crop=1","width":350,"height":200},"classes":[]},{"id":1750,"url":"https:\/\/www.dreammedia.es\/blog\/gracias-tierra-islas-canarias\/","url_meta":{"origin":1897,"position":3},"title":"Gracias Tierra &#8211; Islas Canarias","author":"Dream media","date":"","format":false,"excerpt":"Unas 1.269.799 personas visualizaron en cuatro d\u00edas en internet el v\u00eddeo de paisajes de las Islas Canarias que, con motivo del D\u00eda de la Madre Tierra, celebrado el pasado viernes d\u00eda 22 de abril, se difundi\u00f3 por las redes sociales. Del mismo modo, el video, promovido por Promotur Turismo de\u2026","rel":"","context":"En \u00abDream media\u00bb","block_context":{"text":"Dream media","link":"https:\/\/www.dreammedia.es\/blog\/category\/dream-media\/"},"img":{"alt_text":"","src":"https:\/\/i0.wp.com\/www.dreammedia.es\/blog\/wp-content\/uploads\/hqdefault-1-2.jpg?fit=480%2C360&ssl=1&resize=350%2C200","width":350,"height":200},"classes":[]},{"id":650,"url":"https:\/\/www.dreammedia.es\/blog\/la-publicidad-en-canarias-iii\/","url_meta":{"origin":1897,"position":4},"title":"La publicidad en Canarias (III)","author":"Dream media","date":"","format":false,"excerpt":"Desde el cluster de comunicacion y Marketing, pusimos en marcha hace unos a\u00f1os los premios las iniciativas con una gran respuesta de empresas y profesionales del sector de las islas, pero quiero refrescarles las memoria a aquellos que lo pudieron vivir y compartir aquellos primeros premios de publicidad al cual\u2026","rel":"","context":"En \u00abDream media\u00bb","block_context":{"text":"Dream media","link":"https:\/\/www.dreammedia.es\/blog\/category\/dream-media\/"},"img":{"alt_text":"images","src":"https:\/\/javierangulom.files.wordpress.com\/2019\/07\/7e17e-images-1.jpeg?w=350&h=200&crop=1","width":350,"height":200},"classes":[]},{"id":3338,"url":"https:\/\/www.dreammedia.es\/blog\/not-winter-games-islas-canarias\/","url_meta":{"origin":1897,"position":5},"title":"Not Winter Games Islas Canarias","author":"Dream media","date":"","format":false,"excerpt":"Nuevo PREMIO para Islas Canarias! La acci\u00f3n \u201cNot Winter Games\u201d ha sido galardonada en los International Travel & Tourism Awards con una PLATA a la \u201cMejor Campa\u00f1a de un Destino Regional\u201d. Estos premios, que se entregan coincidiendo con la World Travel Market de Londres, reconocen las mejores campa\u00f1as de marketing\u2026","rel":"","context":"En \u00abDream media\u00bb","block_context":{"text":"Dream media","link":"https:\/\/www.dreammedia.es\/blog\/category\/dream-media\/"},"img":{"alt_text":"","src":"https:\/\/i0.wp.com\/www.dreammedia.es\/blog\/wp-content\/uploads\/Captura-de-pantalla-2020-05-16-a-las-20.22.56.png?fit=1110%2C628&ssl=1&resize=350%2C200","width":350,"height":200,"srcset":"https:\/\/i0.wp.com\/www.dreammedia.es\/blog\/wp-content\/uploads\/Captura-de-pantalla-2020-05-16-a-las-20.22.56.png?fit=1110%2C628&ssl=1&resize=350%2C200 1x, https:\/\/i0.wp.com\/www.dreammedia.es\/blog\/wp-content\/uploads\/Captura-de-pantalla-2020-05-16-a-las-20.22.56.png?fit=1110%2C628&ssl=1&resize=525%2C300 1.5x, https:\/\/i0.wp.com\/www.dreammedia.es\/blog\/wp-content\/uploads\/Captura-de-pantalla-2020-05-16-a-las-20.22.56.png?fit=1110%2C628&ssl=1&resize=700%2C400 2x, https:\/\/i0.wp.com\/www.dreammedia.es\/blog\/wp-content\/uploads\/Captura-de-pantalla-2020-05-16-a-las-20.22.56.png?fit=1110%2C628&ssl=1&resize=1050%2C600 3x"},"classes":[]}],"jetpack_sharing_enabled":true,"_links":{"self":[{"href":"https:\/\/www.dreammedia.es\/blog\/wp-json\/wp\/v2\/posts\/1897","targetHints":{"allow":["GET"]}}],"collection":[{"href":"https:\/\/www.dreammedia.es\/blog\/wp-json\/wp\/v2\/posts"}],"about":[{"href":"https:\/\/www.dreammedia.es\/blog\/wp-json\/wp\/v2\/types\/post"}],"author":[{"embeddable":true,"href":"https:\/\/www.dreammedia.es\/blog\/wp-json\/wp\/v2\/users\/1"}],"replies":[{"embeddable":true,"href":"https:\/\/www.dreammedia.es\/blog\/wp-json\/wp\/v2\/comments?post=1897"}],"version-history":[{"count":1,"href":"https:\/\/www.dreammedia.es\/blog\/wp-json\/wp\/v2\/posts\/1897\/revisions"}],"predecessor-version":[{"id":5642,"href":"https:\/\/www.dreammedia.es\/blog\/wp-json\/wp\/v2\/posts\/1897\/revisions\/5642"}],"wp:featuredmedia":[{"embeddable":true,"href":"https:\/\/www.dreammedia.es\/blog\/wp-json\/wp\/v2\/media\/753"}],"wp:attachment":[{"href":"https:\/\/www.dreammedia.es\/blog\/wp-json\/wp\/v2\/media?parent=1897"}],"wp:term":[{"taxonomy":"category","embeddable":true,"href":"https:\/\/www.dreammedia.es\/blog\/wp-json\/wp\/v2\/categories?post=1897"},{"taxonomy":"post_tag","embeddable":true,"href":"https:\/\/www.dreammedia.es\/blog\/wp-json\/wp\/v2\/tags?post=1897"}],"curies":[{"name":"wp","href":"https:\/\/api.w.org\/{rel}","templated":true}]}}