{"id":2452,"date":"2010-09-01T20:12:53","date_gmt":"2010-09-01T20:12:53","guid":{"rendered":"https:\/\/www.dreammedia.es\/blog\/?p=2452"},"modified":"2024-05-12T10:49:04","modified_gmt":"2024-05-12T10:49:04","slug":"campus-rock-festivales","status":"publish","type":"post","link":"https:\/\/www.dreammedia.es\/blog\/campus-rock-festivales\/","title":{"rendered":"Campus Rock festivales"},"content":{"rendered":"\n<p>Producci\u00f3n de campa\u00f1a publicitaria, radio y TV, producci\u00f3n audiovisual y coordinaci\u00f3n art\u00edstica de los diferentes festivales realizados desde 1992 hasta 2011 en Canarias y La Rioja<\/p>\n\n\n\n<figure class=\"wp-block-embed is-type-video is-provider-youtube wp-block-embed-youtube wp-embed-aspect-4-3 wp-has-aspect-ratio\"><div class=\"wp-block-embed__wrapper\">\n<iframe loading=\"lazy\" title=\"Campus rock Heineken v1\" width=\"720\" height=\"540\" src=\"https:\/\/www.youtube.com\/embed\/8hjXDuhq6p4?feature=oembed\" frameborder=\"0\" allow=\"accelerometer; autoplay; clipboard-write; encrypted-media; gyroscope; picture-in-picture; web-share\" referrerpolicy=\"strict-origin-when-cross-origin\" allowfullscreen><\/iframe>\n<\/div><\/figure>\n\n\n\n<figure class=\"wp-block-embed is-type-video is-provider-youtube wp-block-embed-youtube wp-embed-aspect-4-3 wp-has-aspect-ratio\"><div class=\"wp-block-embed__wrapper\">\n<iframe loading=\"lazy\" title=\"Heineken 2006 - Campus Rock Las Palmas de Gran Canaria.wmv\" width=\"720\" height=\"540\" src=\"https:\/\/www.youtube.com\/embed\/N87TnNV3sIo?feature=oembed\" frameborder=\"0\" allow=\"accelerometer; autoplay; clipboard-write; encrypted-media; gyroscope; picture-in-picture; web-share\" referrerpolicy=\"strict-origin-when-cross-origin\" allowfullscreen><\/iframe>\n<\/div><\/figure>\n\n\n\n<figure class=\"wp-block-embed is-type-video is-provider-youtube wp-block-embed-youtube wp-embed-aspect-4-3 wp-has-aspect-ratio\"><div class=\"wp-block-embed__wrapper\">\n<iframe loading=\"lazy\" title=\"2008 - Estopa HCROCK\" width=\"720\" height=\"540\" src=\"https:\/\/www.youtube.com\/embed\/1akSew6KJGk?feature=oembed\" frameborder=\"0\" allow=\"accelerometer; autoplay; clipboard-write; encrypted-media; gyroscope; picture-in-picture; web-share\" referrerpolicy=\"strict-origin-when-cross-origin\" allowfullscreen><\/iframe>\n<\/div><\/figure>\n\n\n\n<figure class=\"wp-block-embed is-type-video is-provider-youtube wp-block-embed-youtube wp-embed-aspect-16-9 wp-has-aspect-ratio\"><div class=\"wp-block-embed__wrapper\">\n<iframe loading=\"lazy\" title=\"Juan Magan - 01\" width=\"720\" height=\"405\" src=\"https:\/\/www.youtube.com\/embed\/s6S8tjY33zg?feature=oembed\" frameborder=\"0\" allow=\"accelerometer; autoplay; clipboard-write; encrypted-media; gyroscope; picture-in-picture; web-share\" referrerpolicy=\"strict-origin-when-cross-origin\" allowfullscreen><\/iframe>\n<\/div><\/figure>\n\n\n\n<figure class=\"wp-block-embed is-type-video is-provider-youtube wp-block-embed-youtube wp-embed-aspect-16-9 wp-has-aspect-ratio\"><div class=\"wp-block-embed__wrapper\">\n<iframe loading=\"lazy\" title=\"Dream media - La Rioja Campus Rock 2010\" width=\"720\" height=\"405\" src=\"https:\/\/www.youtube.com\/embed\/Mf5cNJwD3-I?feature=oembed\" frameborder=\"0\" allow=\"accelerometer; autoplay; clipboard-write; encrypted-media; gyroscope; picture-in-picture; web-share\" referrerpolicy=\"strict-origin-when-cross-origin\" allowfullscreen><\/iframe>\n<\/div><\/figure>\n\n\n\n<figure class=\"wp-block-embed is-type-video is-provider-youtube wp-block-embed-youtube wp-embed-aspect-4-3 wp-has-aspect-ratio\"><div class=\"wp-block-embed__wrapper\">\n<iframe loading=\"lazy\" title=\"2008 - Spot TV HCROCK (21 seg)\" width=\"720\" height=\"540\" src=\"https:\/\/www.youtube.com\/embed\/gNQvNZDQK1k?feature=oembed\" frameborder=\"0\" allow=\"accelerometer; autoplay; clipboard-write; encrypted-media; gyroscope; picture-in-picture; web-share\" referrerpolicy=\"strict-origin-when-cross-origin\" allowfullscreen><\/iframe>\n<\/div><\/figure>\n\n\n\n<figure class=\"wp-block-embed is-type-video is-provider-youtube wp-block-embed-youtube wp-embed-aspect-4-3 wp-has-aspect-ratio\"><div class=\"wp-block-embed__wrapper\">\n<iframe loading=\"lazy\" title=\"1997 - Dover HCROCK\" width=\"720\" height=\"540\" src=\"https:\/\/www.youtube.com\/embed\/wT3KGv1nZoQ?feature=oembed\" frameborder=\"0\" allow=\"accelerometer; autoplay; clipboard-write; encrypted-media; gyroscope; picture-in-picture; web-share\" referrerpolicy=\"strict-origin-when-cross-origin\" allowfullscreen><\/iframe>\n<\/div><\/figure>\n\n\n\n<figure class=\"wp-block-embed is-type-video is-provider-youtube wp-block-embed-youtube wp-embed-aspect-4-3 wp-has-aspect-ratio\"><div class=\"wp-block-embed__wrapper\">\n<iframe loading=\"lazy\" title=\"2007 - La Quinta Estaci\u00f3n HCROCK\" width=\"720\" height=\"540\" src=\"https:\/\/www.youtube.com\/embed\/Sh7SSwCcl1Q?feature=oembed\" frameborder=\"0\" allow=\"accelerometer; autoplay; clipboard-write; encrypted-media; gyroscope; picture-in-picture; web-share\" referrerpolicy=\"strict-origin-when-cross-origin\" allowfullscreen><\/iframe>\n<\/div><\/figure>\n\n\n\n<figure class=\"wp-block-embed is-type-video is-provider-youtube wp-block-embed-youtube wp-embed-aspect-4-3 wp-has-aspect-ratio\"><div class=\"wp-block-embed__wrapper\">\n<iframe loading=\"lazy\" title=\"2004 - La Oreja de Van Gogh HCROCK\" width=\"720\" height=\"540\" src=\"https:\/\/www.youtube.com\/embed\/BBOrEO1T2Qw?feature=oembed\" frameborder=\"0\" allow=\"accelerometer; autoplay; clipboard-write; encrypted-media; gyroscope; picture-in-picture; web-share\" referrerpolicy=\"strict-origin-when-cross-origin\" allowfullscreen><\/iframe>\n<\/div><\/figure>\n\n\n\n<figure class=\"wp-block-embed is-type-video is-provider-youtube wp-block-embed-youtube wp-embed-aspect-4-3 wp-has-aspect-ratio\"><div class=\"wp-block-embed__wrapper\">\n<iframe loading=\"lazy\" title=\"Bebe - Mojo Pic\u00f3n (2010)\" width=\"720\" height=\"540\" src=\"https:\/\/www.youtube.com\/embed\/UCjqUQHuYqY?feature=oembed\" frameborder=\"0\" allow=\"accelerometer; autoplay; clipboard-write; encrypted-media; gyroscope; picture-in-picture; web-share\" referrerpolicy=\"strict-origin-when-cross-origin\" allowfullscreen><\/iframe>\n<\/div><\/figure>\n\n\n\n<figure class=\"wp-block-embed is-type-video is-provider-youtube wp-block-embed-youtube wp-embed-aspect-4-3 wp-has-aspect-ratio\"><div class=\"wp-block-embed__wrapper\">\n<iframe loading=\"lazy\" title=\"2006 - Celtas Cortos HCROCK\" width=\"720\" height=\"540\" src=\"https:\/\/www.youtube.com\/embed\/FkjxsDaPKjA?feature=oembed\" frameborder=\"0\" allow=\"accelerometer; autoplay; clipboard-write; encrypted-media; gyroscope; picture-in-picture; web-share\" referrerpolicy=\"strict-origin-when-cross-origin\" allowfullscreen><\/iframe>\n<\/div><\/figure>\n\n\n\n<figure class=\"wp-block-embed is-type-video is-provider-youtube wp-block-embed-youtube wp-embed-aspect-4-3 wp-has-aspect-ratio\"><div class=\"wp-block-embed__wrapper\">\n<iframe loading=\"lazy\" title=\"2005 - Amaral HCROCK\" width=\"720\" height=\"540\" src=\"https:\/\/www.youtube.com\/embed\/hwF3c7uUBdY?feature=oembed\" frameborder=\"0\" allow=\"accelerometer; autoplay; clipboard-write; encrypted-media; gyroscope; picture-in-picture; web-share\" referrerpolicy=\"strict-origin-when-cross-origin\" allowfullscreen><\/iframe>\n<\/div><\/figure>\n\n\n\n<figure class=\"wp-block-embed is-type-video is-provider-youtube wp-block-embed-youtube wp-embed-aspect-4-3 wp-has-aspect-ratio\"><div class=\"wp-block-embed__wrapper\">\n<iframe loading=\"lazy\" title=\"Mr.ROBINSON - Para Siempre (1996)\" width=\"720\" height=\"540\" src=\"https:\/\/www.youtube.com\/embed\/X7adhK3869I?feature=oembed\" frameborder=\"0\" allow=\"accelerometer; autoplay; clipboard-write; encrypted-media; gyroscope; picture-in-picture; web-share\" referrerpolicy=\"strict-origin-when-cross-origin\" allowfullscreen><\/iframe>\n<\/div><\/figure>\n\n\n\n<figure class=\"wp-block-embed is-type-video is-provider-youtube wp-block-embed-youtube wp-embed-aspect-4-3 wp-has-aspect-ratio\"><div class=\"wp-block-embed__wrapper\">\n<iframe loading=\"lazy\" title=\"Preciados (2010)\" width=\"720\" height=\"540\" src=\"https:\/\/www.youtube.com\/embed\/jmGROMG0Hrk?feature=oembed\" frameborder=\"0\" allow=\"accelerometer; autoplay; clipboard-write; encrypted-media; gyroscope; picture-in-picture; web-share\" referrerpolicy=\"strict-origin-when-cross-origin\" allowfullscreen><\/iframe>\n<\/div><\/figure>\n\n\n\n<figure class=\"wp-block-embed is-type-video is-provider-youtube wp-block-embed-youtube wp-embed-aspect-4-3 wp-has-aspect-ratio\"><div class=\"wp-block-embed__wrapper\">\n<iframe loading=\"lazy\" title=\"2008 - Guaran\u00e1 HCROCK\" width=\"720\" height=\"540\" src=\"https:\/\/www.youtube.com\/embed\/OsaSNTr-8l8?feature=oembed\" frameborder=\"0\" allow=\"accelerometer; autoplay; clipboard-write; encrypted-media; gyroscope; picture-in-picture; web-share\" referrerpolicy=\"strict-origin-when-cross-origin\" allowfullscreen><\/iframe>\n<\/div><\/figure>\n\n\n\n<figure class=\"wp-block-embed is-type-video is-provider-youtube wp-block-embed-youtube wp-embed-aspect-4-3 wp-has-aspect-ratio\"><div class=\"wp-block-embed__wrapper\">\n<iframe loading=\"lazy\" title=\"2008 - Mojinos Escoz\u00edos HCROCK\" width=\"720\" height=\"540\" src=\"https:\/\/www.youtube.com\/embed\/KcGUVMvgs1E?feature=oembed\" frameborder=\"0\" allow=\"accelerometer; autoplay; clipboard-write; encrypted-media; gyroscope; picture-in-picture; web-share\" referrerpolicy=\"strict-origin-when-cross-origin\" allowfullscreen><\/iframe>\n<\/div><\/figure>\n<span class=\"kt-load-after-post\"><\/span>","protected":false},"excerpt":{"rendered":"<p>Producci\u00f3n de campa\u00f1a publicitaria, radio y TV, producci\u00f3n audiovisual y coordinaci\u00f3n art\u00edstica de los diferentes festivales realizados desde 1992 hasta 2011 en Canarias y La Rioja<\/p>\n","protected":false},"author":1,"featured_media":4263,"comment_status":"closed","ping_status":"open","sticky":false,"template":"","format":"standard","meta":{"_kad_blocks_custom_css":"","_kad_blocks_head_custom_js":"","_kad_blocks_body_custom_js":"","_kad_blocks_footer_custom_js":"","advanced_seo_description":"","jetpack_seo_html_title":"","jetpack_seo_noindex":false,"_kadence_starter_templates_imported_post":false,"_kad_post_transparent":"","_kad_post_title":"","_kad_post_layout":"","_kad_post_sidebar_id":"","_kad_post_content_style":"","_kad_post_vertical_padding":"","_kad_post_feature":"","_kad_post_feature_position":"","_kad_post_header":false,"_kad_post_footer":false,"_jetpack_memberships_contains_paid_content":false,"footnotes":""},"categories":[13],"tags":[],"class_list":["post-2452","post","type-post","status-publish","format-standard","has-post-thumbnail","hentry","category-dream-media"],"featured_image_src":"https:\/\/i0.wp.com\/www.dreammedia.es\/blog\/wp-content\/uploads\/1140815a.webp?fit=640%2C360&ssl=1","author_info":{"display_name":"Dream media","author_link":"https:\/\/www.dreammedia.es\/blog\/author\/morenoangulo\/"},"taxonomy_info":{"category":[{"value":13,"label":"Dream media"}]},"featured_image_src_large":["https:\/\/i0.wp.com\/www.dreammedia.es\/blog\/wp-content\/uploads\/1140815a.webp?fit=640%2C360&ssl=1",640,360,true],"comment_info":0,"category_info":[{"term_id":13,"name":"Dream media","slug":"dream-media","term_group":0,"term_taxonomy_id":13,"taxonomy":"category","description":"","parent":0,"count":273,"filter":"raw","cat_ID":13,"category_count":273,"category_description":"","cat_name":"Dream media","category_nicename":"dream-media","category_parent":0}],"tag_info":false,"jetpack_featured_media_url":"https:\/\/i0.wp.com\/www.dreammedia.es\/blog\/wp-content\/uploads\/1140815a.webp?fit=640%2C360&ssl=1","jetpack-related-posts":[{"id":2551,"url":"https:\/\/www.dreammedia.es\/blog\/premios-gran-canaria-turismo-sostenible-2017\/","url_meta":{"origin":2452,"position":0},"title":"Premios Gran Canaria Turismo Sostenible","author":"Dream media","date":"","format":false,"excerpt":"El Hotel Lopesan Costa Meloneras, el Hotel Sunwing Arguinegu\u00edn, el Hotel Club Gran Anfi y los Apartamentos Cay Beach Meloneras son los primeros establecimientos en obtener el premio Gran Canaria Turismo Sostenible, un proyecto del Cabildo para avanzar en la separaci\u00f3n de los residuos en el sector tur\u00edstico y convertirlo\u2026","rel":"","context":"En \u00abDream media\u00bb","block_context":{"text":"Dream media","link":"https:\/\/www.dreammedia.es\/blog\/category\/dream-media\/"},"img":{"alt_text":"","src":"https:\/\/i0.wp.com\/www.dreammedia.es\/blog\/wp-content\/uploads\/Jornada-11-de-mayo-2017-4-640x240-1.jpg?fit=640%2C240&ssl=1&resize=350%2C200","width":350,"height":200,"srcset":"https:\/\/i0.wp.com\/www.dreammedia.es\/blog\/wp-content\/uploads\/Jornada-11-de-mayo-2017-4-640x240-1.jpg?fit=640%2C240&ssl=1&resize=350%2C200 1x, https:\/\/i0.wp.com\/www.dreammedia.es\/blog\/wp-content\/uploads\/Jornada-11-de-mayo-2017-4-640x240-1.jpg?fit=640%2C240&ssl=1&resize=525%2C300 1.5x"},"classes":[]},{"id":1383,"url":"https:\/\/www.dreammedia.es\/blog\/copa-del-mundo-de-baloncesto-2014\/","url_meta":{"origin":2452,"position":1},"title":"Copa del Mundo de Baloncesto 2014","author":"Dream media","date":"","format":false,"excerpt":"Una de las primeras fases de la Copa del Mundo de Baloncesto FIBA 2014, tuvo lugar en Gran Canaria desde el 30 de agosto hasta al 4 de septiembre, compitieron 6 pa\u00edses, organizado por la FIBA, Federaci\u00f3n Espa\u00f1ola de Baloncesto, y el Comit\u00e9 organizador de Gran Canaria. Siendo Dream media\u2026","rel":"","context":"En \u00abDream media\u00bb","block_context":{"text":"Dream media","link":"https:\/\/www.dreammedia.es\/blog\/category\/dream-media\/"},"img":{"alt_text":"","src":"https:\/\/i0.wp.com\/www.dreammedia.es\/blog\/wp-content\/uploads\/basketball_worldcup_2014_spain_accessible_madrid_tourism_travel_mobility_scooters_tours.jpg?fit=1200%2C627&ssl=1&resize=350%2C200","width":350,"height":200,"srcset":"https:\/\/i0.wp.com\/www.dreammedia.es\/blog\/wp-content\/uploads\/basketball_worldcup_2014_spain_accessible_madrid_tourism_travel_mobility_scooters_tours.jpg?fit=1200%2C627&ssl=1&resize=350%2C200 1x, https:\/\/i0.wp.com\/www.dreammedia.es\/blog\/wp-content\/uploads\/basketball_worldcup_2014_spain_accessible_madrid_tourism_travel_mobility_scooters_tours.jpg?fit=1200%2C627&ssl=1&resize=525%2C300 1.5x, https:\/\/i0.wp.com\/www.dreammedia.es\/blog\/wp-content\/uploads\/basketball_worldcup_2014_spain_accessible_madrid_tourism_travel_mobility_scooters_tours.jpg?fit=1200%2C627&ssl=1&resize=700%2C400 2x, https:\/\/i0.wp.com\/www.dreammedia.es\/blog\/wp-content\/uploads\/basketball_worldcup_2014_spain_accessible_madrid_tourism_travel_mobility_scooters_tours.jpg?fit=1200%2C627&ssl=1&resize=1050%2C600 3x"},"classes":[]},{"id":2548,"url":"https:\/\/www.dreammedia.es\/blog\/metroguagua\/","url_meta":{"origin":2452,"position":2},"title":"MetroGuagua","author":"Dream media","date":"","format":false,"excerpt":"Producci\u00f3n y Postproducci\u00f3n de sonido para Guaguas Municipales https:\/\/www.youtube.com\/watch?v=TrNVbEwYeZw","rel":"","context":"En \u00abDream media\u00bb","block_context":{"text":"Dream media","link":"https:\/\/www.dreammedia.es\/blog\/category\/dream-media\/"},"img":{"alt_text":"","src":"https:\/\/i0.wp.com\/www.dreammedia.es\/blog\/wp-content\/uploads\/MetroGuagua-en-Las-Palmas-de-Gran-Canaria.jpg?fit=828%2C465&ssl=1&resize=350%2C200","width":350,"height":200,"srcset":"https:\/\/i0.wp.com\/www.dreammedia.es\/blog\/wp-content\/uploads\/MetroGuagua-en-Las-Palmas-de-Gran-Canaria.jpg?fit=828%2C465&ssl=1&resize=350%2C200 1x, https:\/\/i0.wp.com\/www.dreammedia.es\/blog\/wp-content\/uploads\/MetroGuagua-en-Las-Palmas-de-Gran-Canaria.jpg?fit=828%2C465&ssl=1&resize=525%2C300 1.5x, https:\/\/i0.wp.com\/www.dreammedia.es\/blog\/wp-content\/uploads\/MetroGuagua-en-Las-Palmas-de-Gran-Canaria.jpg?fit=828%2C465&ssl=1&resize=700%2C400 2x"},"classes":[]},{"id":1676,"url":"https:\/\/www.dreammedia.es\/blog\/fanzone-ud-las-palmas\/","url_meta":{"origin":2452,"position":3},"title":"Fanzone UD Las Palmas","author":"Dream media","date":"","format":false,"excerpt":"Desde el inicio de la temporada 2015\/2016 Dream media es responsable de la creaci\u00f3n y producci\u00f3n para UD Las Palmas de su fanzone previa a los partidos que se realizan en el Estadio de Gran Canaria, as\u00ed como sus campa\u00f1as promocionales. https:\/\/www.youtube.com\/watch?v=D5eMIU9-Lgs Fiesta de la afici\u00f3n https:\/\/youtu.be\/CLyIyKYmfwo?si=7kg_umb_VaT-AjpL https:\/\/www.youtube.com\/watch?v=St_aebQ2Imo","rel":"","context":"En \u00abDream media\u00bb","block_context":{"text":"Dream media","link":"https:\/\/www.dreammedia.es\/blog\/category\/dream-media\/"},"img":{"alt_text":"","src":"https:\/\/i0.wp.com\/www.dreammedia.es\/blog\/wp-content\/uploads\/1801d-img_2224.jpg?fit=1024%2C575&ssl=1&resize=350%2C200","width":350,"height":200,"srcset":"https:\/\/i0.wp.com\/www.dreammedia.es\/blog\/wp-content\/uploads\/1801d-img_2224.jpg?fit=1024%2C575&ssl=1&resize=350%2C200 1x, https:\/\/i0.wp.com\/www.dreammedia.es\/blog\/wp-content\/uploads\/1801d-img_2224.jpg?fit=1024%2C575&ssl=1&resize=525%2C300 1.5x, https:\/\/i0.wp.com\/www.dreammedia.es\/blog\/wp-content\/uploads\/1801d-img_2224.jpg?fit=1024%2C575&ssl=1&resize=700%2C400 2x"},"classes":[]},{"id":5370,"url":"https:\/\/www.dreammedia.es\/blog\/heineken-carnaval\/","url_meta":{"origin":2452,"position":4},"title":"Heineken Carnaval","author":"Dream media","date":"","format":false,"excerpt":"Producci\u00f3n y rodaje para Heineken en Carnaval https:\/\/www.youtube.com\/watch?v=Ua8JSWNB3uY https:\/\/youtu.be\/PQ5nQ--WpQg?si=_CG-KurCCkF0iw9E","rel":"","context":"En \u00abDream media\u00bb","block_context":{"text":"Dream media","link":"https:\/\/www.dreammedia.es\/blog\/category\/dream-media\/"},"img":{"alt_text":"","src":"https:\/\/i0.wp.com\/www.dreammedia.es\/blog\/wp-content\/uploads\/Captura-de-pantalla-2024-05-03-a-las-19.40.17.png?fit=1200%2C682&ssl=1&resize=350%2C200","width":350,"height":200,"srcset":"https:\/\/i0.wp.com\/www.dreammedia.es\/blog\/wp-content\/uploads\/Captura-de-pantalla-2024-05-03-a-las-19.40.17.png?fit=1200%2C682&ssl=1&resize=350%2C200 1x, https:\/\/i0.wp.com\/www.dreammedia.es\/blog\/wp-content\/uploads\/Captura-de-pantalla-2024-05-03-a-las-19.40.17.png?fit=1200%2C682&ssl=1&resize=525%2C300 1.5x, https:\/\/i0.wp.com\/www.dreammedia.es\/blog\/wp-content\/uploads\/Captura-de-pantalla-2024-05-03-a-las-19.40.17.png?fit=1200%2C682&ssl=1&resize=700%2C400 2x, https:\/\/i0.wp.com\/www.dreammedia.es\/blog\/wp-content\/uploads\/Captura-de-pantalla-2024-05-03-a-las-19.40.17.png?fit=1200%2C682&ssl=1&resize=1050%2C600 3x"},"classes":[]},{"id":2437,"url":"https:\/\/www.dreammedia.es\/blog\/gran-canaria-summer-festival\/","url_meta":{"origin":2452,"position":5},"title":"Gran Canaria Summer Festival","author":"Dream media","date":"","format":false,"excerpt":"Producci\u00f3n audiovisual y coordinaci\u00f3n art\u00edstica. https:\/\/youtu.be\/7hjMw56xcS0 https:\/\/youtu.be\/sAJvRHE0J_A?si=ECs6EZAwkr3IArOx https:\/\/www.youtube.com\/watch?v=44zLityNDEY https:\/\/youtu.be\/5mIbgTjiF18","rel":"","context":"En \u00abDream media\u00bb","block_context":{"text":"Dream media","link":"https:\/\/www.dreammedia.es\/blog\/category\/dream-media\/"},"img":{"alt_text":"","src":"https:\/\/i0.wp.com\/img.youtube.com\/vi\/7hjMw56xcS0\/0.jpg?resize=350%2C200","width":350,"height":200},"classes":[]}],"jetpack_sharing_enabled":true,"_links":{"self":[{"href":"https:\/\/www.dreammedia.es\/blog\/wp-json\/wp\/v2\/posts\/2452","targetHints":{"allow":["GET"]}}],"collection":[{"href":"https:\/\/www.dreammedia.es\/blog\/wp-json\/wp\/v2\/posts"}],"about":[{"href":"https:\/\/www.dreammedia.es\/blog\/wp-json\/wp\/v2\/types\/post"}],"author":[{"embeddable":true,"href":"https:\/\/www.dreammedia.es\/blog\/wp-json\/wp\/v2\/users\/1"}],"replies":[{"embeddable":true,"href":"https:\/\/www.dreammedia.es\/blog\/wp-json\/wp\/v2\/comments?post=2452"}],"version-history":[{"count":5,"href":"https:\/\/www.dreammedia.es\/blog\/wp-json\/wp\/v2\/posts\/2452\/revisions"}],"predecessor-version":[{"id":5515,"href":"https:\/\/www.dreammedia.es\/blog\/wp-json\/wp\/v2\/posts\/2452\/revisions\/5515"}],"wp:featuredmedia":[{"embeddable":true,"href":"https:\/\/www.dreammedia.es\/blog\/wp-json\/wp\/v2\/media\/4263"}],"wp:attachment":[{"href":"https:\/\/www.dreammedia.es\/blog\/wp-json\/wp\/v2\/media?parent=2452"}],"wp:term":[{"taxonomy":"category","embeddable":true,"href":"https:\/\/www.dreammedia.es\/blog\/wp-json\/wp\/v2\/categories?post=2452"},{"taxonomy":"post_tag","embeddable":true,"href":"https:\/\/www.dreammedia.es\/blog\/wp-json\/wp\/v2\/tags?post=2452"}],"curies":[{"name":"wp","href":"https:\/\/api.w.org\/{rel}","templated":true}]}}