{"id":2551,"date":"2017-05-19T17:56:40","date_gmt":"2017-05-19T17:56:40","guid":{"rendered":"https:\/\/www.dreammedia.es\/blog\/?p=2551"},"modified":"2024-05-12T11:51:48","modified_gmt":"2024-05-12T11:51:48","slug":"premios-gran-canaria-turismo-sostenible-2017","status":"publish","type":"post","link":"https:\/\/www.dreammedia.es\/blog\/premios-gran-canaria-turismo-sostenible-2017\/","title":{"rendered":"Premios Gran Canaria Turismo Sostenible"},"content":{"rendered":"\n<p>El Hotel Lopesan Costa Meloneras, el Hotel Sunwing Arguinegu\u00edn, el Hotel Club Gran Anfi y los Apartamentos Cay Beach Meloneras son los primeros establecimientos en obtener el premio Gran Canaria Turismo Sostenible, un proyecto del Cabildo para avanzar en la separaci\u00f3n de los residuos en el sector tur\u00edstico y convertirlo en referente de calidad.<\/p>\n\n\n\n<p>Este proyecto de la Consejer\u00eda de Medio Ambiente con apoyo de la de Turismo, se ha llevado a cabo en los tres municipios tur\u00edsticos de Gran Canaria: la capital, San Bartolom\u00e9 de Tirajana y Mog\u00e1n, cuya alcaldesa, Onalia Bueno, resalt\u00f3 la importancia de la informaci\u00f3n vertida en las mesas de trabajo, lo que permite al municipio trabajar ahora en los nuevos pliegos de recogida de residuos para tambi\u00e9n pasar del siglo XX al XXI en esta materia.<\/p>\n\n\n\n<p>Dream media realiz\u00f3 producci\u00f3n, grabaci\u00f3n y postproducci\u00f3n videos premiados.<\/p>\n\n\n\n<p><a href=\"http:\/\/www.fundacioncanariasrecicla.org\/el-cabildo-de-gran-canaria-entrega-los-premios-gran-canaria-turismo-sostenible\/\" target=\"_blank\" rel=\"noopener noreferrer\">M\u00e1s informaci\u00f3n<\/a><\/p>\n\n\n\n<figure class=\"wp-block-embed is-type-video is-provider-youtube wp-block-embed-youtube wp-embed-aspect-16-9 wp-has-aspect-ratio\"><div class=\"wp-block-embed__wrapper\">\n<iframe loading=\"lazy\" title=\"Premio Gran Canaria Turismo Sostenible. #GCRecicla\" width=\"720\" height=\"405\" src=\"https:\/\/www.youtube.com\/embed\/VYHK0jvQlIU?feature=oembed\" frameborder=\"0\" allow=\"accelerometer; autoplay; clipboard-write; encrypted-media; gyroscope; picture-in-picture; web-share\" referrerpolicy=\"strict-origin-when-cross-origin\" allowfullscreen><\/iframe>\n<\/div><\/figure>\n\n\n\n<figure class=\"wp-block-embed is-type-video is-provider-youtube wp-block-embed-youtube wp-embed-aspect-16-9 wp-has-aspect-ratio\"><div class=\"wp-block-embed__wrapper\">\n<iframe loading=\"lazy\" title=\"Premio Gran Canaria Turismo Sostenible. #GCRecicla\" width=\"720\" height=\"405\" src=\"https:\/\/www.youtube.com\/embed\/tde11KozSWs?feature=oembed\" frameborder=\"0\" allow=\"accelerometer; autoplay; clipboard-write; encrypted-media; gyroscope; picture-in-picture; web-share\" referrerpolicy=\"strict-origin-when-cross-origin\" allowfullscreen><\/iframe>\n<\/div><\/figure>\n\n\n\n<figure class=\"wp-block-embed is-type-video is-provider-youtube wp-block-embed-youtube wp-embed-aspect-16-9 wp-has-aspect-ratio\"><div class=\"wp-block-embed__wrapper\">\n<iframe loading=\"lazy\" title=\"Premio Gran Canaria Turismo Sostenible. #GCRecicla\" width=\"720\" height=\"405\" src=\"https:\/\/www.youtube.com\/embed\/FNuqOCnkNPs?feature=oembed\" frameborder=\"0\" allow=\"accelerometer; autoplay; clipboard-write; encrypted-media; gyroscope; picture-in-picture; web-share\" referrerpolicy=\"strict-origin-when-cross-origin\" allowfullscreen><\/iframe>\n<\/div><\/figure>\n\n\n\n<figure class=\"wp-block-embed is-type-video is-provider-youtube wp-block-embed-youtube wp-embed-aspect-16-9 wp-has-aspect-ratio\"><div class=\"wp-block-embed__wrapper\">\n<iframe loading=\"lazy\" title=\"Premio Gran Canaria Turismo Sostenible. #GCRecicla\" width=\"720\" height=\"405\" src=\"https:\/\/www.youtube.com\/embed\/OfJQymmtRAY?feature=oembed\" frameborder=\"0\" allow=\"accelerometer; autoplay; clipboard-write; encrypted-media; gyroscope; picture-in-picture; web-share\" referrerpolicy=\"strict-origin-when-cross-origin\" allowfullscreen><\/iframe>\n<\/div><\/figure>\n\n\n\n<figure class=\"wp-block-embed is-type-video is-provider-youtube wp-block-embed-youtube wp-embed-aspect-16-9 wp-has-aspect-ratio\"><div class=\"wp-block-embed__wrapper\">\n<iframe loading=\"lazy\" title=\"Premio Gran Canaria Turismo Sostenible. #GCRecicla\" width=\"720\" height=\"405\" src=\"https:\/\/www.youtube.com\/embed\/xGnkvJL0lZk?feature=oembed\" frameborder=\"0\" allow=\"accelerometer; autoplay; clipboard-write; encrypted-media; gyroscope; picture-in-picture; web-share\" referrerpolicy=\"strict-origin-when-cross-origin\" allowfullscreen><\/iframe>\n<\/div><\/figure>\n\n\n\n<figure class=\"wp-block-embed is-type-video is-provider-youtube wp-block-embed-youtube wp-embed-aspect-16-9 wp-has-aspect-ratio\"><div class=\"wp-block-embed__wrapper\">\n<iframe loading=\"lazy\" title=\"Premio Gran Canaria Turismo Sostenible. #GCRecicla\" width=\"720\" height=\"405\" src=\"https:\/\/www.youtube.com\/embed\/ySeLdlSxuj0?feature=oembed\" frameborder=\"0\" allow=\"accelerometer; autoplay; clipboard-write; encrypted-media; gyroscope; picture-in-picture; web-share\" referrerpolicy=\"strict-origin-when-cross-origin\" allowfullscreen><\/iframe>\n<\/div><\/figure>\n\n\n\n<figure class=\"wp-block-embed is-type-video is-provider-youtube wp-block-embed-youtube wp-embed-aspect-16-9 wp-has-aspect-ratio\"><div class=\"wp-block-embed__wrapper\">\n<iframe loading=\"lazy\" title=\"Premio Gran Canaria Turismo Sostenible. #GCRecicla\" width=\"720\" height=\"405\" src=\"https:\/\/www.youtube.com\/embed\/Ood2Z0bH128?feature=oembed\" frameborder=\"0\" allow=\"accelerometer; autoplay; clipboard-write; encrypted-media; gyroscope; picture-in-picture; web-share\" referrerpolicy=\"strict-origin-when-cross-origin\" allowfullscreen><\/iframe>\n<\/div><\/figure>\n\n\n\n<figure class=\"wp-block-embed is-type-video is-provider-youtube wp-block-embed-youtube wp-embed-aspect-16-9 wp-has-aspect-ratio\"><div class=\"wp-block-embed__wrapper\">\n<iframe loading=\"lazy\" title=\"Premio Gran Canaria Turismo Sostenible. #GCRecicla\" width=\"720\" height=\"405\" src=\"https:\/\/www.youtube.com\/embed\/rgQ6SX58_K0?feature=oembed\" frameborder=\"0\" allow=\"accelerometer; autoplay; clipboard-write; encrypted-media; gyroscope; picture-in-picture; web-share\" referrerpolicy=\"strict-origin-when-cross-origin\" allowfullscreen><\/iframe>\n<\/div><\/figure>\n\n\n\n<figure class=\"wp-block-embed is-type-video is-provider-youtube wp-block-embed-youtube wp-embed-aspect-16-9 wp-has-aspect-ratio\"><div class=\"wp-block-embed__wrapper\">\n<iframe loading=\"lazy\" title=\"Premio Gran Canaria Turismo Sostenible. #GCRecicla\" width=\"720\" height=\"405\" src=\"https:\/\/www.youtube.com\/embed\/vH1Jmw64Lcw?feature=oembed\" frameborder=\"0\" allow=\"accelerometer; autoplay; clipboard-write; encrypted-media; gyroscope; picture-in-picture; web-share\" referrerpolicy=\"strict-origin-when-cross-origin\" allowfullscreen><\/iframe>\n<\/div><\/figure>\n\n\n\n<figure class=\"wp-block-embed is-type-video is-provider-youtube wp-block-embed-youtube wp-embed-aspect-16-9 wp-has-aspect-ratio\"><div class=\"wp-block-embed__wrapper\">\n<iframe loading=\"lazy\" title=\"Premio Gran Canaria Turismo Sostenible. #GCRecicla\" width=\"720\" height=\"405\" src=\"https:\/\/www.youtube.com\/embed\/DL2lpBdbVDg?feature=oembed\" frameborder=\"0\" allow=\"accelerometer; autoplay; clipboard-write; encrypted-media; gyroscope; picture-in-picture; web-share\" referrerpolicy=\"strict-origin-when-cross-origin\" allowfullscreen><\/iframe>\n<\/div><\/figure>\n\n\n\n<p><\/p>\n<span class=\"kt-load-after-post\"><\/span>","protected":false},"excerpt":{"rendered":"<p>El Hotel Lopesan Costa Meloneras, el Hotel Sunwing Arguinegu\u00edn, el Hotel Club Gran Anfi y los Apartamentos Cay Beach Meloneras son los primeros establecimientos en obtener el premio Gran Canaria Turismo Sostenible, un proyecto del Cabildo para avanzar en la separaci\u00f3n de los residuos en el sector tur\u00edstico y convertirlo en referente de calidad. Este&#8230;<\/p>\n","protected":false},"author":1,"featured_media":3913,"comment_status":"closed","ping_status":"open","sticky":false,"template":"","format":"standard","meta":{"_kad_blocks_custom_css":"","_kad_blocks_head_custom_js":"","_kad_blocks_body_custom_js":"","_kad_blocks_footer_custom_js":"","advanced_seo_description":"","jetpack_seo_html_title":"","jetpack_seo_noindex":false,"_kadence_starter_templates_imported_post":false,"_kad_post_transparent":"","_kad_post_title":"","_kad_post_layout":"","_kad_post_sidebar_id":"","_kad_post_content_style":"","_kad_post_vertical_padding":"","_kad_post_feature":"","_kad_post_feature_position":"","_kad_post_header":false,"_kad_post_footer":false,"_jetpack_memberships_contains_paid_content":false,"footnotes":""},"categories":[13],"tags":[],"class_list":["post-2551","post","type-post","status-publish","format-standard","has-post-thumbnail","hentry","category-dream-media"],"featured_image_src":"https:\/\/i0.wp.com\/www.dreammedia.es\/blog\/wp-content\/uploads\/Jornada-11-de-mayo-2017-4-640x240-1.jpg?fit=640%2C240&ssl=1","author_info":{"display_name":"Dream media","author_link":"https:\/\/www.dreammedia.es\/blog\/author\/morenoangulo\/"},"taxonomy_info":{"category":[{"value":13,"label":"Dream media"}]},"featured_image_src_large":["https:\/\/i0.wp.com\/www.dreammedia.es\/blog\/wp-content\/uploads\/Jornada-11-de-mayo-2017-4-640x240-1.jpg?fit=640%2C240&ssl=1",640,240,true],"comment_info":0,"category_info":[{"term_id":13,"name":"Dream media","slug":"dream-media","term_group":0,"term_taxonomy_id":13,"taxonomy":"category","description":"","parent":0,"count":273,"filter":"raw","cat_ID":13,"category_count":273,"category_description":"","cat_name":"Dream media","category_nicename":"dream-media","category_parent":0}],"tag_info":false,"jetpack_featured_media_url":"https:\/\/i0.wp.com\/www.dreammedia.es\/blog\/wp-content\/uploads\/Jornada-11-de-mayo-2017-4-640x240-1.jpg?fit=640%2C240&ssl=1","jetpack-related-posts":[{"id":2435,"url":"https:\/\/www.dreammedia.es\/blog\/gran-canaria-wtm-londres\/","url_meta":{"origin":2551,"position":0},"title":"Gran Canaria WTM Londres","author":"Dream media","date":"","format":false,"excerpt":"Presentaci\u00f3n de la campa\u00f1a de Gran Canaria con David Silva producida por Dream media, con la presencia del ministro Jos\u00e9 Manuel Soria, Presidente del Cabildo Jos\u00e9 Miguel Bravo de Laguna, Embajador de Espa\u00f1a Federico Trillo y la secretaria de estado de Turismo Isabel Borrego, adem\u00e1s de empresarios del sector, en\u2026","rel":"","context":"En \u00abDream media\u00bb","block_context":{"text":"Dream media","link":"https:\/\/www.dreammedia.es\/blog\/category\/dream-media\/"},"img":{"alt_text":"","src":"https:\/\/i0.wp.com\/www.dreammedia.es\/blog\/wp-content\/uploads\/wtmgrancanaria7n.jpg?fit=569%2C294&ssl=1&resize=350%2C200","width":350,"height":200,"srcset":"https:\/\/i0.wp.com\/www.dreammedia.es\/blog\/wp-content\/uploads\/wtmgrancanaria7n.jpg?fit=569%2C294&ssl=1&resize=350%2C200 1x, https:\/\/i0.wp.com\/www.dreammedia.es\/blog\/wp-content\/uploads\/wtmgrancanaria7n.jpg?fit=569%2C294&ssl=1&resize=525%2C300 1.5x"},"classes":[]},{"id":721,"url":"https:\/\/www.dreammedia.es\/blog\/este-verano-disfruta-de-gran-canaria\/","url_meta":{"origin":2551,"position":1},"title":"Este verano disfruta de Gran Canaria","author":"Dream media","date":"","format":false,"excerpt":"Campa\u00f1a para el patronato de turismo de Gran Canaria.","rel":"","context":"En \u00abDream media\u00bb","block_context":{"text":"Dream media","link":"https:\/\/www.dreammedia.es\/blog\/category\/dream-media\/"},"img":{"alt_text":"","src":"https:\/\/i0.wp.com\/www.dreammedia.es\/blog\/wp-content\/uploads\/QUIEN-TIENE-UN-TURISTA-TIENEN-UN-TESORO.png?fit=1200%2C675&ssl=1&resize=350%2C200","width":350,"height":200,"srcset":"https:\/\/i0.wp.com\/www.dreammedia.es\/blog\/wp-content\/uploads\/QUIEN-TIENE-UN-TURISTA-TIENEN-UN-TESORO.png?fit=1200%2C675&ssl=1&resize=350%2C200 1x, https:\/\/i0.wp.com\/www.dreammedia.es\/blog\/wp-content\/uploads\/QUIEN-TIENE-UN-TURISTA-TIENEN-UN-TESORO.png?fit=1200%2C675&ssl=1&resize=525%2C300 1.5x, https:\/\/i0.wp.com\/www.dreammedia.es\/blog\/wp-content\/uploads\/QUIEN-TIENE-UN-TURISTA-TIENEN-UN-TESORO.png?fit=1200%2C675&ssl=1&resize=700%2C400 2x, https:\/\/i0.wp.com\/www.dreammedia.es\/blog\/wp-content\/uploads\/QUIEN-TIENE-UN-TURISTA-TIENEN-UN-TESORO.png?fit=1200%2C675&ssl=1&resize=1050%2C600 3x"},"classes":[]},{"id":646,"url":"https:\/\/www.dreammedia.es\/blog\/premio-al-video-gran-canaria-un-gran-destino\/","url_meta":{"origin":2551,"position":2},"title":"Premio al v\u00eddeo &#8216;Gran Canaria, un gran destino&#8217;","author":"Dream media","date":"","format":false,"excerpt":"Este v\u00eddeo de siete minutos ha recibido el primer galard\u00f3n en la categor\u00eda de turismo de aventura. El video promocional Gran Canaria, un gran destino ha recibido el primer premio del Festival Internacional de Videos Tur\u00edsticos de Riga en la categor\u00eda de turismo de aventura, seg\u00fan ha informado este mi\u00e9rcoles\u2026","rel":"","context":"En \u00abDream media\u00bb","block_context":{"text":"Dream media","link":"https:\/\/www.dreammedia.es\/blog\/category\/dream-media\/"},"img":{"alt_text":"","src":"https:\/\/i0.wp.com\/www.dreammedia.es\/blog\/wp-content\/uploads\/Captura-de-pantalla-2024-05-01-a-las-22.49.54.png?fit=1200%2C803&ssl=1&resize=350%2C200","width":350,"height":200,"srcset":"https:\/\/i0.wp.com\/www.dreammedia.es\/blog\/wp-content\/uploads\/Captura-de-pantalla-2024-05-01-a-las-22.49.54.png?fit=1200%2C803&ssl=1&resize=350%2C200 1x, https:\/\/i0.wp.com\/www.dreammedia.es\/blog\/wp-content\/uploads\/Captura-de-pantalla-2024-05-01-a-las-22.49.54.png?fit=1200%2C803&ssl=1&resize=525%2C300 1.5x, https:\/\/i0.wp.com\/www.dreammedia.es\/blog\/wp-content\/uploads\/Captura-de-pantalla-2024-05-01-a-las-22.49.54.png?fit=1200%2C803&ssl=1&resize=700%2C400 2x, https:\/\/i0.wp.com\/www.dreammedia.es\/blog\/wp-content\/uploads\/Captura-de-pantalla-2024-05-01-a-las-22.49.54.png?fit=1200%2C803&ssl=1&resize=1050%2C600 3x"},"classes":[]},{"id":5800,"url":"https:\/\/www.dreammedia.es\/blog\/gran-canaria-este-verano-disfruta-de-tu-isla\/","url_meta":{"origin":2551,"position":3},"title":"Gran Canaria, este verano disfruta de tu Isla","author":"Dream media","date":"","format":false,"excerpt":"Campa\u00f1a para turismo de Gran Canaria https:\/\/www.youtube.com\/watch?v=b_8_4oA8zOQ","rel":"","context":"En \u00abDream media\u00bb","block_context":{"text":"Dream media","link":"https:\/\/www.dreammedia.es\/blog\/category\/dream-media\/"},"img":{"alt_text":"","src":"https:\/\/i0.wp.com\/www.dreammedia.es\/blog\/wp-content\/uploads\/grancanaria-t.png?fit=680%2C408&ssl=1&resize=350%2C200","width":350,"height":200,"srcset":"https:\/\/i0.wp.com\/www.dreammedia.es\/blog\/wp-content\/uploads\/grancanaria-t.png?fit=680%2C408&ssl=1&resize=350%2C200 1x, https:\/\/i0.wp.com\/www.dreammedia.es\/blog\/wp-content\/uploads\/grancanaria-t.png?fit=680%2C408&ssl=1&resize=525%2C300 1.5x"},"classes":[]},{"id":988,"url":"https:\/\/www.dreammedia.es\/blog\/gran-canaria-arena\/","url_meta":{"origin":2551,"position":4},"title":"Acto oficial apertura de Gran Canaria Arena","author":"Dream media","date":"","format":false,"excerpt":"El pasado 15 de marzo tuvo lugar la inauguraci\u00f3n oficial del Gran Canaria Arena con la presencia de Mariano Rajoy, presidente del Gobierno de Espa\u00f1a, Jose Manuel Soria, ministro de industria, energ\u00eda y turismo, Paulino Rivero, presidente del gobierno de Canarias, Jose Miguel Bravo de Laguna Berm\u00fadez, presidente del Cabildo\u2026","rel":"","context":"En \u00abDream media\u00bb","block_context":{"text":"Dream media","link":"https:\/\/www.dreammedia.es\/blog\/category\/dream-media\/"},"img":{"alt_text":"","src":"https:\/\/i0.wp.com\/www.dreammedia.es\/blog\/wp-content\/uploads\/5dd62-img_2019.jpg?fit=1024%2C768&ssl=1&resize=350%2C200","width":350,"height":200,"srcset":"https:\/\/i0.wp.com\/www.dreammedia.es\/blog\/wp-content\/uploads\/5dd62-img_2019.jpg?fit=1024%2C768&ssl=1&resize=350%2C200 1x, https:\/\/i0.wp.com\/www.dreammedia.es\/blog\/wp-content\/uploads\/5dd62-img_2019.jpg?fit=1024%2C768&ssl=1&resize=525%2C300 1.5x, https:\/\/i0.wp.com\/www.dreammedia.es\/blog\/wp-content\/uploads\/5dd62-img_2019.jpg?fit=1024%2C768&ssl=1&resize=700%2C400 2x"},"classes":[]},{"id":907,"url":"https:\/\/www.dreammedia.es\/blog\/fitur-gran-canaria-2014\/","url_meta":{"origin":2551,"position":5},"title":"Fitur &#8211; Gran Canaria 2014","author":"Dream media","date":"","format":false,"excerpt":"Durante la Feria Internacional de Turismo de Madrid 2014 (FITUR), acci\u00f3n de Street marketing por las principales calles y v\u00edas del centro de Madrid con cheerleaders, promotoras y m\u00fasicos (batucada), ataviados con los colores representativos de la isla (azul y amarillo) con \u201cGRAN CANARIA 2014\u201d que atrajeron a miles de\u2026","rel":"","context":"En \u00abDream media\u00bb","block_context":{"text":"Dream media","link":"https:\/\/www.dreammedia.es\/blog\/category\/dream-media\/"},"img":{"alt_text":"","src":"https:\/\/i0.wp.com\/www.dreammedia.es\/blog\/wp-content\/uploads\/7e5e3-fitur03.jpg?resize=350%2C200&ssl=1","width":350,"height":200,"srcset":"https:\/\/i0.wp.com\/www.dreammedia.es\/blog\/wp-content\/uploads\/7e5e3-fitur03.jpg?resize=350%2C200&ssl=1 1x, https:\/\/i0.wp.com\/www.dreammedia.es\/blog\/wp-content\/uploads\/7e5e3-fitur03.jpg?resize=525%2C300&ssl=1 1.5x"},"classes":[]}],"jetpack_sharing_enabled":true,"_links":{"self":[{"href":"https:\/\/www.dreammedia.es\/blog\/wp-json\/wp\/v2\/posts\/2551","targetHints":{"allow":["GET"]}}],"collection":[{"href":"https:\/\/www.dreammedia.es\/blog\/wp-json\/wp\/v2\/posts"}],"about":[{"href":"https:\/\/www.dreammedia.es\/blog\/wp-json\/wp\/v2\/types\/post"}],"author":[{"embeddable":true,"href":"https:\/\/www.dreammedia.es\/blog\/wp-json\/wp\/v2\/users\/1"}],"replies":[{"embeddable":true,"href":"https:\/\/www.dreammedia.es\/blog\/wp-json\/wp\/v2\/comments?post=2551"}],"version-history":[{"count":3,"href":"https:\/\/www.dreammedia.es\/blog\/wp-json\/wp\/v2\/posts\/2551\/revisions"}],"predecessor-version":[{"id":5716,"href":"https:\/\/www.dreammedia.es\/blog\/wp-json\/wp\/v2\/posts\/2551\/revisions\/5716"}],"wp:featuredmedia":[{"embeddable":true,"href":"https:\/\/www.dreammedia.es\/blog\/wp-json\/wp\/v2\/media\/3913"}],"wp:attachment":[{"href":"https:\/\/www.dreammedia.es\/blog\/wp-json\/wp\/v2\/media?parent=2551"}],"wp:term":[{"taxonomy":"category","embeddable":true,"href":"https:\/\/www.dreammedia.es\/blog\/wp-json\/wp\/v2\/categories?post=2551"},{"taxonomy":"post_tag","embeddable":true,"href":"https:\/\/www.dreammedia.es\/blog\/wp-json\/wp\/v2\/tags?post=2551"}],"curies":[{"name":"wp","href":"https:\/\/api.w.org\/{rel}","templated":true}]}}