{"id":2625,"date":"2018-04-26T20:13:27","date_gmt":"2018-04-26T20:13:27","guid":{"rendered":"https:\/\/www.dreammedia.es\/blog\/?p=2625"},"modified":"2024-05-12T11:37:39","modified_gmt":"2024-05-12T11:37:39","slug":"universidad-fernando-pessoa-canarias","status":"publish","type":"post","link":"https:\/\/www.dreammedia.es\/blog\/universidad-fernando-pessoa-canarias\/","title":{"rendered":"Universidad Fernando Pessoa Canarias"},"content":{"rendered":"\n<p>Vive la experiencia UFPC!<\/p>\n\n\n\n<iframe loading=\"lazy\" src=\"https:\/\/www.facebook.com\/plugins\/video.php?height=314&#038;href=https%3A%2F%2Fwww.facebook.com%2F1008197262557710%2Fvideos%2F1850207458356682%2F&#038;show_text=false&#038;width=560&#038;t=0\" width=\"560\" height=\"314\" style=\"border:none;overflow:hidden\" scrolling=\"no\" frameborder=\"0\" allowfullscreen=\"true\" allow=\"autoplay; clipboard-write; encrypted-media; picture-in-picture; web-share\" allowFullScreen=\"true\"><\/iframe>\n\n\n\n<p><br><\/p>\n<span class=\"kt-load-after-post\"><\/span>","protected":false},"excerpt":{"rendered":"<p>Vive la experiencia UFPC!<\/p>\n","protected":false},"author":1,"featured_media":3893,"comment_status":"closed","ping_status":"open","sticky":false,"template":"","format":"standard","meta":{"_kad_blocks_custom_css":"","_kad_blocks_head_custom_js":"","_kad_blocks_body_custom_js":"","_kad_blocks_footer_custom_js":"","advanced_seo_description":"","jetpack_seo_html_title":"","jetpack_seo_noindex":false,"_kadence_starter_templates_imported_post":false,"_kad_post_transparent":"","_kad_post_title":"","_kad_post_layout":"","_kad_post_sidebar_id":"","_kad_post_content_style":"","_kad_post_vertical_padding":"","_kad_post_feature":"","_kad_post_feature_position":"","_kad_post_header":false,"_kad_post_footer":false,"_jetpack_memberships_contains_paid_content":false,"footnotes":""},"categories":[13],"tags":[],"class_list":["post-2625","post","type-post","status-publish","format-standard","has-post-thumbnail","hentry","category-dream-media"],"featured_image_src":"https:\/\/i0.wp.com\/www.dreammedia.es\/blog\/wp-content\/uploads\/ok.jpg?fit=1280%2C720&ssl=1","author_info":{"display_name":"Dream media","author_link":"https:\/\/www.dreammedia.es\/blog\/author\/morenoangulo\/"},"taxonomy_info":{"category":[{"value":13,"label":"Dream media"}]},"featured_image_src_large":["https:\/\/i0.wp.com\/www.dreammedia.es\/blog\/wp-content\/uploads\/ok.jpg?fit=1024%2C576&ssl=1",1024,576,true],"comment_info":0,"category_info":[{"term_id":13,"name":"Dream media","slug":"dream-media","term_group":0,"term_taxonomy_id":13,"taxonomy":"category","description":"","parent":0,"count":273,"filter":"raw","cat_ID":13,"category_count":273,"category_description":"","cat_name":"Dream media","category_nicename":"dream-media","category_parent":0}],"tag_info":false,"jetpack_featured_media_url":"https:\/\/i0.wp.com\/www.dreammedia.es\/blog\/wp-content\/uploads\/ok.jpg?fit=1280%2C720&ssl=1","jetpack-related-posts":[{"id":548,"url":"https:\/\/www.dreammedia.es\/blog\/dream-media-miembro-del-cluster-de-comunicacion-y-marketing\/","url_meta":{"origin":2625,"position":0},"title":"Dream media miembro del cluster de comunicaci\u00f3n y marketing","author":"Dream media","date":"","format":false,"excerpt":"Dream media a trav\u00e9s de su CEO Javier Angulo esta presente en el consejo del reci\u00e9n creado \"Cluster de Comunicaci\u00f3n y Marketing de las islas Canarias\" que nace como respuesta a la notable presencia de la comunidad canaria en el sector del marketing, tanto en ventas y como en comunicaci\u00f3n.\u2026","rel":"","context":"En \u00abDream media\u00bb","block_context":{"text":"Dream media","link":"https:\/\/www.dreammedia.es\/blog\/category\/dream-media\/"},"img":{"alt_text":"Cluster","src":"https:\/\/javierangulom.files.wordpress.com\/2019\/07\/c4db1-61164_146398105401737_141043869270494_203024_7763157_n.jpg?w=350&h=200&crop=1","width":350,"height":200},"classes":[]},{"id":1477,"url":"https:\/\/www.dreammedia.es\/blog\/copa-mahou-canarias\/","url_meta":{"origin":2625,"position":1},"title":"Copa Mahou Canarias","author":"Dream media","date":"","format":false,"excerpt":"V\u00eddeos para la Copa Mahou en Canarias https:\/\/youtu.be\/BTpXiayx1Y0?si=Mufr1LR5De_7K3pd https:\/\/youtu.be\/-uix77XirdQ?si=kfLQ3aM4ZfWTKBku","rel":"","context":"En \u00abDream media\u00bb","block_context":{"text":"Dream media","link":"https:\/\/www.dreammedia.es\/blog\/category\/dream-media\/"},"img":{"alt_text":"","src":"https:\/\/i0.wp.com\/www.dreammedia.es\/blog\/wp-content\/uploads\/684c6-banner_video.gif?fit=397%2C294&ssl=1&resize=350%2C200","width":350,"height":200},"classes":[]},{"id":2440,"url":"https:\/\/www.dreammedia.es\/blog\/johnnie-waker-black-label-la-noche\/","url_meta":{"origin":2625,"position":2},"title":"Johnnie Walker &#8211; La Noche","author":"Dream media","date":"","format":false,"excerpt":"Tras el fichaje de Fernando Alonso por el equipo McLaren F1 y el patrocinio de Diageo con su marca Johnnie Waker, recibimos el encargo de realizar dos grandes eventos en la terraza sotavento en Las Palmas de Gran Canaria y en el Parque Mar\u00edtimo de Santa Cruz de Tenerife. En\u2026","rel":"","context":"En \u00abDream media\u00bb","block_context":{"text":"Dream media","link":"https:\/\/www.dreammedia.es\/blog\/category\/dream-media\/"},"img":{"alt_text":"","src":"https:\/\/i0.wp.com\/www.dreammedia.es\/blog\/wp-content\/uploads\/070812fiestajohnniewalker3.jpg?fit=1200%2C800&ssl=1&resize=350%2C200","width":350,"height":200,"srcset":"https:\/\/i0.wp.com\/www.dreammedia.es\/blog\/wp-content\/uploads\/070812fiestajohnniewalker3.jpg?fit=1200%2C800&ssl=1&resize=350%2C200 1x, https:\/\/i0.wp.com\/www.dreammedia.es\/blog\/wp-content\/uploads\/070812fiestajohnniewalker3.jpg?fit=1200%2C800&ssl=1&resize=525%2C300 1.5x, https:\/\/i0.wp.com\/www.dreammedia.es\/blog\/wp-content\/uploads\/070812fiestajohnniewalker3.jpg?fit=1200%2C800&ssl=1&resize=700%2C400 2x, https:\/\/i0.wp.com\/www.dreammedia.es\/blog\/wp-content\/uploads\/070812fiestajohnniewalker3.jpg?fit=1200%2C800&ssl=1&resize=1050%2C600 3x"},"classes":[]},{"id":2675,"url":"https:\/\/www.dreammedia.es\/blog\/islas-canarias-fondos-feder\/","url_meta":{"origin":2625,"position":3},"title":"Islas Canarias Fondos FEDER","author":"Dream media","date":"","format":false,"excerpt":"Turismo de las Islas Canarias cofinancia muchas de sus actividades con los fondos FEDER, un instrumento financiero de la Uni\u00f3n Europea destinado al desarrollo econ\u00f3mico de sus regiones. Gracias a estos fondos y al Plan Estrat\u00e9gico promocional de la marca tur\u00edstica Islas Canarias se ha logrado innovar y mejorar resultados.\u2026","rel":"","context":"En \u00abDream media\u00bb","block_context":{"text":"Dream media","link":"https:\/\/www.dreammedia.es\/blog\/category\/dream-media\/"},"img":{"alt_text":"","src":"https:\/\/i0.wp.com\/www.dreammedia.es\/blog\/wp-content\/uploads\/Captura-de-pantalla-2020-04-22-a-las-21.59.48.png?fit=1156%2C652&ssl=1&resize=350%2C200","width":350,"height":200,"srcset":"https:\/\/i0.wp.com\/www.dreammedia.es\/blog\/wp-content\/uploads\/Captura-de-pantalla-2020-04-22-a-las-21.59.48.png?fit=1156%2C652&ssl=1&resize=350%2C200 1x, https:\/\/i0.wp.com\/www.dreammedia.es\/blog\/wp-content\/uploads\/Captura-de-pantalla-2020-04-22-a-las-21.59.48.png?fit=1156%2C652&ssl=1&resize=525%2C300 1.5x, https:\/\/i0.wp.com\/www.dreammedia.es\/blog\/wp-content\/uploads\/Captura-de-pantalla-2020-04-22-a-las-21.59.48.png?fit=1156%2C652&ssl=1&resize=700%2C400 2x, https:\/\/i0.wp.com\/www.dreammedia.es\/blog\/wp-content\/uploads\/Captura-de-pantalla-2020-04-22-a-las-21.59.48.png?fit=1156%2C652&ssl=1&resize=1050%2C600 3x"},"classes":[]},{"id":1903,"url":"https:\/\/www.dreammedia.es\/blog\/jar-premio-canarias-2009\/","url_meta":{"origin":2625,"position":4},"title":"JAR PREMIO CANARIAS 2009","author":"Dream media","date":"","format":false,"excerpt":"Aunque ya lo comentamos no nos cansaremos de repetir la inmensa perdida que tuvimos en el 2008 tanto en lo personal como profesional. Un m\u00fasico de las islas universal que realiz\u00f3 a lo largo de su trayectoria profesional muchos trabajos en publicidad desconocidos para la gran mayor\u00eda. Hoy ayudamos humildemente\u2026","rel":"","context":"En \u00abDream media\u00bb","block_context":{"text":"Dream media","link":"https:\/\/www.dreammedia.es\/blog\/category\/dream-media\/"},"img":{"alt_text":"","src":"https:\/\/i0.wp.com\/www.dreammedia.es\/blog\/wp-content\/uploads\/2df3b-jar.webp?fit=300%2C250&ssl=1&resize=350%2C200","width":350,"height":200},"classes":[]},{"id":3338,"url":"https:\/\/www.dreammedia.es\/blog\/not-winter-games-islas-canarias\/","url_meta":{"origin":2625,"position":5},"title":"Not Winter Games Islas Canarias","author":"Dream media","date":"","format":false,"excerpt":"Nuevo PREMIO para Islas Canarias! La acci\u00f3n \u201cNot Winter Games\u201d ha sido galardonada en los International Travel & Tourism Awards con una PLATA a la \u201cMejor Campa\u00f1a de un Destino Regional\u201d. Estos premios, que se entregan coincidiendo con la World Travel Market de Londres, reconocen las mejores campa\u00f1as de marketing\u2026","rel":"","context":"En \u00abDream media\u00bb","block_context":{"text":"Dream media","link":"https:\/\/www.dreammedia.es\/blog\/category\/dream-media\/"},"img":{"alt_text":"","src":"https:\/\/i0.wp.com\/www.dreammedia.es\/blog\/wp-content\/uploads\/Captura-de-pantalla-2020-05-16-a-las-20.22.56.png?fit=1110%2C628&ssl=1&resize=350%2C200","width":350,"height":200,"srcset":"https:\/\/i0.wp.com\/www.dreammedia.es\/blog\/wp-content\/uploads\/Captura-de-pantalla-2020-05-16-a-las-20.22.56.png?fit=1110%2C628&ssl=1&resize=350%2C200 1x, https:\/\/i0.wp.com\/www.dreammedia.es\/blog\/wp-content\/uploads\/Captura-de-pantalla-2020-05-16-a-las-20.22.56.png?fit=1110%2C628&ssl=1&resize=525%2C300 1.5x, https:\/\/i0.wp.com\/www.dreammedia.es\/blog\/wp-content\/uploads\/Captura-de-pantalla-2020-05-16-a-las-20.22.56.png?fit=1110%2C628&ssl=1&resize=700%2C400 2x, https:\/\/i0.wp.com\/www.dreammedia.es\/blog\/wp-content\/uploads\/Captura-de-pantalla-2020-05-16-a-las-20.22.56.png?fit=1110%2C628&ssl=1&resize=1050%2C600 3x"},"classes":[]}],"jetpack_sharing_enabled":true,"_links":{"self":[{"href":"https:\/\/www.dreammedia.es\/blog\/wp-json\/wp\/v2\/posts\/2625","targetHints":{"allow":["GET"]}}],"collection":[{"href":"https:\/\/www.dreammedia.es\/blog\/wp-json\/wp\/v2\/posts"}],"about":[{"href":"https:\/\/www.dreammedia.es\/blog\/wp-json\/wp\/v2\/types\/post"}],"author":[{"embeddable":true,"href":"https:\/\/www.dreammedia.es\/blog\/wp-json\/wp\/v2\/users\/1"}],"replies":[{"embeddable":true,"href":"https:\/\/www.dreammedia.es\/blog\/wp-json\/wp\/v2\/comments?post=2625"}],"version-history":[{"count":3,"href":"https:\/\/www.dreammedia.es\/blog\/wp-json\/wp\/v2\/posts\/2625\/revisions"}],"predecessor-version":[{"id":5700,"href":"https:\/\/www.dreammedia.es\/blog\/wp-json\/wp\/v2\/posts\/2625\/revisions\/5700"}],"wp:featuredmedia":[{"embeddable":true,"href":"https:\/\/www.dreammedia.es\/blog\/wp-json\/wp\/v2\/media\/3893"}],"wp:attachment":[{"href":"https:\/\/www.dreammedia.es\/blog\/wp-json\/wp\/v2\/media?parent=2625"}],"wp:term":[{"taxonomy":"category","embeddable":true,"href":"https:\/\/www.dreammedia.es\/blog\/wp-json\/wp\/v2\/categories?post=2625"},{"taxonomy":"post_tag","embeddable":true,"href":"https:\/\/www.dreammedia.es\/blog\/wp-json\/wp\/v2\/tags?post=2625"}],"curies":[{"name":"wp","href":"https:\/\/api.w.org\/{rel}","templated":true}]}}