{"id":2648,"date":"2018-11-29T20:54:41","date_gmt":"2018-11-29T20:54:41","guid":{"rendered":"https:\/\/www.dreammedia.es\/blog\/?p=2648"},"modified":"2024-05-12T11:30:51","modified_gmt":"2024-05-12T11:30:51","slug":"ocean-charter-club","status":"publish","type":"post","link":"https:\/\/www.dreammedia.es\/blog\/ocean-charter-club\/","title":{"rendered":"Ocean Charter Club"},"content":{"rendered":"\n<p>\u00a1Dale color y emoci\u00f3n a tu verano con OceanCharterClub!<\/p>\n\n\n\n<iframe loading=\"lazy\" src=\"https:\/\/www.facebook.com\/plugins\/video.php?height=314&#038;href=https%3A%2F%2Fwww.facebook.com%2Fentrees.es%2Fvideos%2F1702321329785755%2F&#038;show_text=false&#038;width=560&#038;t=0\" width=\"560\" height=\"314\" style=\"border:none;overflow:hidden\" scrolling=\"no\" frameborder=\"0\" allowfullscreen=\"true\" allow=\"autoplay; clipboard-write; encrypted-media; picture-in-picture; web-share\" allowFullScreen=\"true\"><\/iframe>\n<span class=\"kt-load-after-post\"><\/span>","protected":false},"excerpt":{"rendered":"<p>\u00a1Dale color y emoci\u00f3n a tu verano con OceanCharterClub!<\/p>\n","protected":false},"author":1,"featured_media":3884,"comment_status":"closed","ping_status":"open","sticky":false,"template":"","format":"standard","meta":{"_kad_blocks_custom_css":"","_kad_blocks_head_custom_js":"","_kad_blocks_body_custom_js":"","_kad_blocks_footer_custom_js":"","advanced_seo_description":"","jetpack_seo_html_title":"","jetpack_seo_noindex":false,"_kadence_starter_templates_imported_post":false,"_kad_post_transparent":"","_kad_post_title":"","_kad_post_layout":"","_kad_post_sidebar_id":"","_kad_post_content_style":"","_kad_post_vertical_padding":"","_kad_post_feature":"","_kad_post_feature_position":"","_kad_post_header":false,"_kad_post_footer":false,"_jetpack_memberships_contains_paid_content":false,"footnotes":""},"categories":[13],"tags":[],"class_list":["post-2648","post","type-post","status-publish","format-standard","has-post-thumbnail","hentry","category-dream-media"],"featured_image_src":"https:\/\/i0.wp.com\/www.dreammedia.es\/blog\/wp-content\/uploads\/aea333_20b87cbcd1544b22ba0f7769f3196030mv2-copia.jpg?fit=850%2C638&ssl=1","author_info":{"display_name":"Dream media","author_link":"https:\/\/www.dreammedia.es\/blog\/author\/morenoangulo\/"},"taxonomy_info":{"category":[{"value":13,"label":"Dream media"}]},"featured_image_src_large":["https:\/\/i0.wp.com\/www.dreammedia.es\/blog\/wp-content\/uploads\/aea333_20b87cbcd1544b22ba0f7769f3196030mv2-copia.jpg?fit=850%2C638&ssl=1",850,638,true],"comment_info":0,"category_info":[{"term_id":13,"name":"Dream media","slug":"dream-media","term_group":0,"term_taxonomy_id":13,"taxonomy":"category","description":"","parent":0,"count":273,"filter":"raw","cat_ID":13,"category_count":273,"category_description":"","cat_name":"Dream media","category_nicename":"dream-media","category_parent":0}],"tag_info":false,"jetpack_featured_media_url":"https:\/\/i0.wp.com\/www.dreammedia.es\/blog\/wp-content\/uploads\/aea333_20b87cbcd1544b22ba0f7769f3196030mv2-copia.jpg?fit=850%2C638&ssl=1","jetpack-related-posts":[{"id":5800,"url":"https:\/\/www.dreammedia.es\/blog\/gran-canaria-este-verano-disfruta-de-tu-isla\/","url_meta":{"origin":2648,"position":0},"title":"Gran Canaria, este verano disfruta de tu Isla","author":"Dream media","date":"","format":false,"excerpt":"Campa\u00f1a para turismo de Gran Canaria https:\/\/www.youtube.com\/watch?v=b_8_4oA8zOQ","rel":"","context":"En \u00abDream media\u00bb","block_context":{"text":"Dream media","link":"https:\/\/www.dreammedia.es\/blog\/category\/dream-media\/"},"img":{"alt_text":"","src":"https:\/\/i0.wp.com\/www.dreammedia.es\/blog\/wp-content\/uploads\/grancanaria-t.png?fit=680%2C408&ssl=1&resize=350%2C200","width":350,"height":200,"srcset":"https:\/\/i0.wp.com\/www.dreammedia.es\/blog\/wp-content\/uploads\/grancanaria-t.png?fit=680%2C408&ssl=1&resize=350%2C200 1x, https:\/\/i0.wp.com\/www.dreammedia.es\/blog\/wp-content\/uploads\/grancanaria-t.png?fit=680%2C408&ssl=1&resize=525%2C300 1.5x"},"classes":[]},{"id":1346,"url":"https:\/\/www.dreammedia.es\/blog\/pacha-gran-canaria-summer-2014\/","url_meta":{"origin":2648,"position":1},"title":"Pacha Gran Canaria Summer 2014","author":"Dream media","date":"","format":false,"excerpt":"El verano de 2024 comenz\u00f3 con la visita de Bob Sinclair Spot TV https:\/\/youtu.be\/yghX3d8iMg8?feature=shared Campa\u00f1a de radio","rel":"","context":"En \u00abDream media\u00bb","block_context":{"text":"Dream media","link":"https:\/\/www.dreammedia.es\/blog\/category\/dream-media\/"},"img":{"alt_text":"","src":"https:\/\/i0.wp.com\/www.dreammedia.es\/blog\/wp-content\/uploads\/28bc6-valla1.jpg?fit=1200%2C436&ssl=1&resize=350%2C200","width":350,"height":200,"srcset":"https:\/\/i0.wp.com\/www.dreammedia.es\/blog\/wp-content\/uploads\/28bc6-valla1.jpg?fit=1200%2C436&ssl=1&resize=350%2C200 1x, https:\/\/i0.wp.com\/www.dreammedia.es\/blog\/wp-content\/uploads\/28bc6-valla1.jpg?fit=1200%2C436&ssl=1&resize=525%2C300 1.5x, https:\/\/i0.wp.com\/www.dreammedia.es\/blog\/wp-content\/uploads\/28bc6-valla1.jpg?fit=1200%2C436&ssl=1&resize=700%2C400 2x, https:\/\/i0.wp.com\/www.dreammedia.es\/blog\/wp-content\/uploads\/28bc6-valla1.jpg?fit=1200%2C436&ssl=1&resize=1050%2C600 3x"},"classes":[]},{"id":721,"url":"https:\/\/www.dreammedia.es\/blog\/este-verano-disfruta-de-gran-canaria\/","url_meta":{"origin":2648,"position":2},"title":"Este verano disfruta de Gran Canaria","author":"Dream media","date":"","format":false,"excerpt":"Campa\u00f1a para el patronato de turismo de Gran Canaria.","rel":"","context":"En \u00abDream media\u00bb","block_context":{"text":"Dream media","link":"https:\/\/www.dreammedia.es\/blog\/category\/dream-media\/"},"img":{"alt_text":"","src":"https:\/\/i0.wp.com\/www.dreammedia.es\/blog\/wp-content\/uploads\/QUIEN-TIENE-UN-TURISTA-TIENEN-UN-TESORO.png?fit=1200%2C675&ssl=1&resize=350%2C200","width":350,"height":200,"srcset":"https:\/\/i0.wp.com\/www.dreammedia.es\/blog\/wp-content\/uploads\/QUIEN-TIENE-UN-TURISTA-TIENEN-UN-TESORO.png?fit=1200%2C675&ssl=1&resize=350%2C200 1x, https:\/\/i0.wp.com\/www.dreammedia.es\/blog\/wp-content\/uploads\/QUIEN-TIENE-UN-TURISTA-TIENEN-UN-TESORO.png?fit=1200%2C675&ssl=1&resize=525%2C300 1.5x, https:\/\/i0.wp.com\/www.dreammedia.es\/blog\/wp-content\/uploads\/QUIEN-TIENE-UN-TURISTA-TIENEN-UN-TESORO.png?fit=1200%2C675&ssl=1&resize=700%2C400 2x, https:\/\/i0.wp.com\/www.dreammedia.es\/blog\/wp-content\/uploads\/QUIEN-TIENE-UN-TURISTA-TIENEN-UN-TESORO.png?fit=1200%2C675&ssl=1&resize=1050%2C600 3x"},"classes":[]},{"id":1395,"url":"https:\/\/www.dreammedia.es\/blog\/gran-canaria-ehf-champions-cup\/","url_meta":{"origin":2648,"position":3},"title":"GRAN CANARIA EHF CHAMPIONS CUP","author":"Dream media","date":"","format":false,"excerpt":"El \u00faltimo fin de semana de octubre se celebr\u00f3 en Playa del Ingl\u00e9s, Gran Canaria,\u00a0 la primera edici\u00f3n de GRAN CANARIA EHF CHAMPIONS CUP encargado a Dream media por la EHF (Federaci\u00f3n Europea de Balonmano) y la Universidad de Las Palmas de Gran Canaria (ULPGC) con la participaci\u00f3n de clubes\u2026","rel":"","context":"En \u00abDream media\u00bb","block_context":{"text":"Dream media","link":"https:\/\/www.dreammedia.es\/blog\/category\/dream-media\/"},"img":{"alt_text":"","src":"https:\/\/i0.wp.com\/www.dreammedia.es\/blog\/wp-content\/uploads\/c1a12-logo-ehf-gc2014.png?fit=1200%2C848&ssl=1&resize=350%2C200","width":350,"height":200,"srcset":"https:\/\/i0.wp.com\/www.dreammedia.es\/blog\/wp-content\/uploads\/c1a12-logo-ehf-gc2014.png?fit=1200%2C848&ssl=1&resize=350%2C200 1x, https:\/\/i0.wp.com\/www.dreammedia.es\/blog\/wp-content\/uploads\/c1a12-logo-ehf-gc2014.png?fit=1200%2C848&ssl=1&resize=525%2C300 1.5x, https:\/\/i0.wp.com\/www.dreammedia.es\/blog\/wp-content\/uploads\/c1a12-logo-ehf-gc2014.png?fit=1200%2C848&ssl=1&resize=700%2C400 2x, https:\/\/i0.wp.com\/www.dreammedia.es\/blog\/wp-content\/uploads\/c1a12-logo-ehf-gc2014.png?fit=1200%2C848&ssl=1&resize=1050%2C600 3x"},"classes":[]},{"id":5527,"url":"https:\/\/www.dreammedia.es\/blog\/la-aficion-al-completo\/","url_meta":{"origin":2648,"position":4},"title":"LA AFICI\u00d3N AL COMPLETO","author":"Dream media","date":"","format":false,"excerpt":"VIDEO DE TROPICAL Y LA UD LAS PALMAS. HOMENAJE A LA AFICI\u00d3N Y A LA PE\u00d1A LA BA\u00d1EZA. Idea Creativa Daniel Mayor, producci\u00f3n de sonido Dream media. https:\/\/www.youtube.com\/watch?v=xm7ZbBbZDWg Loc. Jose Luis Madariaga La mayor\u00eda lo son por la grandeza del clubporque nacieron en la misma ciudadpuede que sea por la\u2026","rel":"","context":"En \u00abDream media\u00bb","block_context":{"text":"Dream media","link":"https:\/\/www.dreammedia.es\/blog\/category\/dream-media\/"},"img":{"alt_text":"","src":"https:\/\/i0.wp.com\/www.dreammedia.es\/blog\/wp-content\/uploads\/Captura-de-pantalla-2024-05-04-a-las-21.50.45.png?fit=1200%2C663&ssl=1&resize=350%2C200","width":350,"height":200,"srcset":"https:\/\/i0.wp.com\/www.dreammedia.es\/blog\/wp-content\/uploads\/Captura-de-pantalla-2024-05-04-a-las-21.50.45.png?fit=1200%2C663&ssl=1&resize=350%2C200 1x, https:\/\/i0.wp.com\/www.dreammedia.es\/blog\/wp-content\/uploads\/Captura-de-pantalla-2024-05-04-a-las-21.50.45.png?fit=1200%2C663&ssl=1&resize=525%2C300 1.5x, https:\/\/i0.wp.com\/www.dreammedia.es\/blog\/wp-content\/uploads\/Captura-de-pantalla-2024-05-04-a-las-21.50.45.png?fit=1200%2C663&ssl=1&resize=700%2C400 2x, https:\/\/i0.wp.com\/www.dreammedia.es\/blog\/wp-content\/uploads\/Captura-de-pantalla-2024-05-04-a-las-21.50.45.png?fit=1200%2C663&ssl=1&resize=1050%2C600 3x"},"classes":[]},{"id":3401,"url":"https:\/\/www.dreammedia.es\/blog\/real-club-de-golf-de-las-palmas\/","url_meta":{"origin":2648,"position":5},"title":"Real Club de Golf de Las Palmas","author":"Dream media","date":"","format":false,"excerpt":"De la mano de Atlantis publicidad, producci\u00f3n de videos para la felicitaci\u00f3n Navide\u00f1a del personal y la Junta Directiva del Club y homenaje a sus trabajadores https:\/\/youtu.be\/IYBvd-InOUk?si=TRV5QcigBCEcFR1m","rel":"","context":"En \u00abDream media\u00bb","block_context":{"text":"Dream media","link":"https:\/\/www.dreammedia.es\/blog\/category\/dream-media\/"},"img":{"alt_text":"","src":"https:\/\/i0.wp.com\/www.dreammedia.es\/blog\/wp-content\/uploads\/Captura-de-pantalla-2020-04-22-a-las-22.14.19.png?fit=1200%2C669&ssl=1&resize=350%2C200","width":350,"height":200,"srcset":"https:\/\/i0.wp.com\/www.dreammedia.es\/blog\/wp-content\/uploads\/Captura-de-pantalla-2020-04-22-a-las-22.14.19.png?fit=1200%2C669&ssl=1&resize=350%2C200 1x, https:\/\/i0.wp.com\/www.dreammedia.es\/blog\/wp-content\/uploads\/Captura-de-pantalla-2020-04-22-a-las-22.14.19.png?fit=1200%2C669&ssl=1&resize=525%2C300 1.5x, https:\/\/i0.wp.com\/www.dreammedia.es\/blog\/wp-content\/uploads\/Captura-de-pantalla-2020-04-22-a-las-22.14.19.png?fit=1200%2C669&ssl=1&resize=700%2C400 2x, https:\/\/i0.wp.com\/www.dreammedia.es\/blog\/wp-content\/uploads\/Captura-de-pantalla-2020-04-22-a-las-22.14.19.png?fit=1200%2C669&ssl=1&resize=1050%2C600 3x"},"classes":[]}],"jetpack_sharing_enabled":true,"_links":{"self":[{"href":"https:\/\/www.dreammedia.es\/blog\/wp-json\/wp\/v2\/posts\/2648","targetHints":{"allow":["GET"]}}],"collection":[{"href":"https:\/\/www.dreammedia.es\/blog\/wp-json\/wp\/v2\/posts"}],"about":[{"href":"https:\/\/www.dreammedia.es\/blog\/wp-json\/wp\/v2\/types\/post"}],"author":[{"embeddable":true,"href":"https:\/\/www.dreammedia.es\/blog\/wp-json\/wp\/v2\/users\/1"}],"replies":[{"embeddable":true,"href":"https:\/\/www.dreammedia.es\/blog\/wp-json\/wp\/v2\/comments?post=2648"}],"version-history":[{"count":3,"href":"https:\/\/www.dreammedia.es\/blog\/wp-json\/wp\/v2\/posts\/2648\/revisions"}],"predecessor-version":[{"id":5693,"href":"https:\/\/www.dreammedia.es\/blog\/wp-json\/wp\/v2\/posts\/2648\/revisions\/5693"}],"wp:featuredmedia":[{"embeddable":true,"href":"https:\/\/www.dreammedia.es\/blog\/wp-json\/wp\/v2\/media\/3884"}],"wp:attachment":[{"href":"https:\/\/www.dreammedia.es\/blog\/wp-json\/wp\/v2\/media?parent=2648"}],"wp:term":[{"taxonomy":"category","embeddable":true,"href":"https:\/\/www.dreammedia.es\/blog\/wp-json\/wp\/v2\/categories?post=2648"},{"taxonomy":"post_tag","embeddable":true,"href":"https:\/\/www.dreammedia.es\/blog\/wp-json\/wp\/v2\/tags?post=2648"}],"curies":[{"name":"wp","href":"https:\/\/api.w.org\/{rel}","templated":true}]}}