{"id":2690,"date":"2019-05-25T20:17:22","date_gmt":"2019-05-25T20:17:22","guid":{"rendered":"https:\/\/www.dreammedia.es\/blog\/?p=2690"},"modified":"2024-05-12T11:20:20","modified_gmt":"2024-05-12T11:20:20","slug":"ecoembes","status":"publish","type":"post","link":"https:\/\/www.dreammedia.es\/blog\/ecoembes\/","title":{"rendered":"Ecoembes"},"content":{"rendered":"\n<p><a href=\"https:\/\/www.facebook.com\/ecoembes\/?__tn__=KH-R&amp;eid=ARBc4rrt7zT0viofGNqZYYTTJjLsUKQU-2b11Kv9IwVh3C8iLFvp3wc7CG79Lft817tnh9t8YJJJZtDq&amp;fref=mentions&amp;__xts__%5B0%5D=68.ARC3KhQi3VLEjIwLUlQZs-fn8kLC7ZBaAOgCHMB-rm1-hRuTZ9pi1kzltfU1nban8UG8gLLaJy-SsO7qCQmDLfAnxyxOD3HrN28RWkKaH9jpxmj05LY-ZSBlcCntkMn1LRxQ2UQsVdlXwcCzHHs_YiSz14HyNHl0CH3KBN_e38Go0bCl98EL-RKimaOdo07pZzHH9_OQkUaPe6hlwrZrJ6xK01-ZohB0T_LZZGQ2_RmoRD80qB1wwOZaSNwoifLcsw6Q24D9St3_Xm1LuOGxRjBhp9WeaFHOMSFvUNnuWf3pYT2G5jcm5gMZZYUecNJefZ-MXAnTVsYfD0mX3iEHmh3DzyZwNdkJ\">Ecoembes<\/a> y <a href=\"https:\/\/www.facebook.com\/publicidadatlantis\/?__tn__=KH-R&amp;eid=ARB0JJtKXnGcCn83yqBgFpMpWLQJf-lZUmHClAlfITQ9GUCpsDELc-qM-03lgLlphjuJLB6dpk4Dtn5p&amp;fref=mentions&amp;__xts__%5B0%5D=68.ARC3KhQi3VLEjIwLUlQZs-fn8kLC7ZBaAOgCHMB-rm1-hRuTZ9pi1kzltfU1nban8UG8gLLaJy-SsO7qCQmDLfAnxyxOD3HrN28RWkKaH9jpxmj05LY-ZSBlcCntkMn1LRxQ2UQsVdlXwcCzHHs_YiSz14HyNHl0CH3KBN_e38Go0bCl98EL-RKimaOdo07pZzHH9_OQkUaPe6hlwrZrJ6xK01-ZohB0T_LZZGQ2_RmoRD80qB1wwOZaSNwoifLcsw6Q24D9St3_Xm1LuOGxRjBhp9WeaFHOMSFvUNnuWf3pYT2G5jcm5gMZZYUecNJefZ-MXAnTVsYfD0mX3iEHmh3DzyZwNdkJ\">Publicidad Atlantis<\/a>, el poder de la colaboraci\u00f3n. <br><\/p>\n\n\n\n<figure class=\"wp-block-embed is-type-video is-provider-youtube wp-block-embed-youtube wp-embed-aspect-16-9 wp-has-aspect-ratio\"><div class=\"wp-block-embed__wrapper\">\n<iframe loading=\"lazy\" title=\"Orgullosos de reciclar - Ecoembes &amp; Gobierno de Canarias\" width=\"720\" height=\"405\" src=\"https:\/\/www.youtube.com\/embed\/uKTbDXw641I?feature=oembed\" frameborder=\"0\" allow=\"accelerometer; autoplay; clipboard-write; encrypted-media; gyroscope; picture-in-picture; web-share\" referrerpolicy=\"strict-origin-when-cross-origin\" allowfullscreen><\/iframe>\n<\/div><\/figure>\n<span class=\"kt-load-after-post\"><\/span>","protected":false},"excerpt":{"rendered":"<p>Ecoembes y Publicidad Atlantis, el poder de la colaboraci\u00f3n.<\/p>\n","protected":false},"author":1,"featured_media":3842,"comment_status":"closed","ping_status":"closed","sticky":false,"template":"","format":"standard","meta":{"_kad_blocks_custom_css":"","_kad_blocks_head_custom_js":"","_kad_blocks_body_custom_js":"","_kad_blocks_footer_custom_js":"","advanced_seo_description":"","jetpack_seo_html_title":"","jetpack_seo_noindex":false,"_kadence_starter_templates_imported_post":false,"_kad_post_transparent":"","_kad_post_title":"","_kad_post_layout":"","_kad_post_sidebar_id":"","_kad_post_content_style":"","_kad_post_vertical_padding":"","_kad_post_feature":"","_kad_post_feature_position":"","_kad_post_header":false,"_kad_post_footer":false,"_jetpack_memberships_contains_paid_content":false,"footnotes":""},"categories":[13],"tags":[],"class_list":["post-2690","post","type-post","status-publish","format-standard","has-post-thumbnail","hentry","category-dream-media"],"featured_image_src":"https:\/\/i0.wp.com\/www.dreammedia.es\/blog\/wp-content\/uploads\/Captura-de-pantalla-2020-04-22-a-las-22.03.10.png?fit=1118%2C626&ssl=1","author_info":{"display_name":"Dream media","author_link":"https:\/\/www.dreammedia.es\/blog\/author\/morenoangulo\/"},"taxonomy_info":{"category":[{"value":13,"label":"Dream media"}]},"featured_image_src_large":["https:\/\/i0.wp.com\/www.dreammedia.es\/blog\/wp-content\/uploads\/Captura-de-pantalla-2020-04-22-a-las-22.03.10.png?fit=1024%2C573&ssl=1",1024,573,true],"comment_info":0,"category_info":[{"term_id":13,"name":"Dream media","slug":"dream-media","term_group":0,"term_taxonomy_id":13,"taxonomy":"category","description":"","parent":0,"count":273,"filter":"raw","cat_ID":13,"category_count":273,"category_description":"","cat_name":"Dream media","category_nicename":"dream-media","category_parent":0}],"tag_info":false,"jetpack_featured_media_url":"https:\/\/i0.wp.com\/www.dreammedia.es\/blog\/wp-content\/uploads\/Captura-de-pantalla-2020-04-22-a-las-22.03.10.png?fit=1118%2C626&ssl=1","jetpack-related-posts":[{"id":1626,"url":"https:\/\/www.dreammedia.es\/blog\/orgullosos-de-reciclar-ecoembes\/","url_meta":{"origin":2690,"position":0},"title":"Orgullosos de Reciclar &#8211; Ecoembes","author":"Dream media","date":"","format":false,"excerpt":"Orgullosos DE LO NUESTRO , Orgullosos DE RECICLAR, El Poder de la Colaboraci\u00f3n https:\/\/youtu.be\/LVWXP1NnQrQ?feature=shared","rel":"","context":"En \u00abDream media\u00bb","block_context":{"text":"Dream media","link":"https:\/\/www.dreammedia.es\/blog\/category\/dream-media\/"},"img":{"alt_text":"","src":"https:\/\/i0.wp.com\/www.dreammedia.es\/blog\/wp-content\/uploads\/maxresdefault-1.jpg?fit=1200%2C500&ssl=1&resize=350%2C200","width":350,"height":200,"srcset":"https:\/\/i0.wp.com\/www.dreammedia.es\/blog\/wp-content\/uploads\/maxresdefault-1.jpg?fit=1200%2C500&ssl=1&resize=350%2C200 1x, https:\/\/i0.wp.com\/www.dreammedia.es\/blog\/wp-content\/uploads\/maxresdefault-1.jpg?fit=1200%2C500&ssl=1&resize=525%2C300 1.5x, https:\/\/i0.wp.com\/www.dreammedia.es\/blog\/wp-content\/uploads\/maxresdefault-1.jpg?fit=1200%2C500&ssl=1&resize=700%2C400 2x, https:\/\/i0.wp.com\/www.dreammedia.es\/blog\/wp-content\/uploads\/maxresdefault-1.jpg?fit=1200%2C500&ssl=1&resize=1050%2C600 3x"},"classes":[]},{"id":449,"url":"https:\/\/www.dreammedia.es\/blog\/el-stradivarius-canario-vuelve-a-llamarse-timple\/","url_meta":{"origin":2690,"position":1},"title":"El stradivarius canario vuelve a llamarse timple.","author":"Dream media","date":"","format":false,"excerpt":"El timplista Jos\u00e9 Antonio Ramos, uno de los m\u00e1s afamados int\u00e9rpretes del instrumento m\u00e1s emblem\u00e1tico de Canarias, el timple, falleci\u00f3 a los 38 a\u00f1os en el estudio donde grababa un disco, de un infarto que le sobrevino mientras hac\u00eda deporte en una bicicleta est\u00e1tica. (el pa\u00eds) A todos\u00a0la perdida de\u2026","rel":"","context":"En \u00abDream media\u00bb","block_context":{"text":"Dream media","link":"https:\/\/www.dreammedia.es\/blog\/category\/dream-media\/"},"img":{"alt_text":"","src":"https:\/\/i0.wp.com\/www.dreammedia.es\/blog\/wp-content\/uploads\/300px-Timple.png?fit=300%2C212&ssl=1&resize=350%2C200","width":350,"height":200},"classes":[]},{"id":1910,"url":"https:\/\/www.dreammedia.es\/blog\/dream-media-2-o\/","url_meta":{"origin":2690,"position":2},"title":"Dream media 2.0","author":"Dream media","date":"","format":false,"excerpt":"Dream media a trav\u00e9s de grupoDM, nuevo portal de servicios para todas las \u00e1reas de negocio, ya ofrece a sus clientes unos servicios online m\u00e1s avanzados tras adquirir su propio servidor alojado en el mayor data center de Canarias, idecnet. Un data center con las mejores condiciones de seguridad y\u2026","rel":"","context":"En \u00abDream media\u00bb","block_context":{"text":"Dream media","link":"https:\/\/www.dreammedia.es\/blog\/category\/dream-media\/"},"img":{"alt_text":"","src":"https:\/\/i0.wp.com\/www.dreammedia.es\/blog\/wp-content\/uploads\/62c05-dmnet.gif?fit=964%2C200&ssl=1&resize=350%2C200","width":350,"height":200,"srcset":"https:\/\/i0.wp.com\/www.dreammedia.es\/blog\/wp-content\/uploads\/62c05-dmnet.gif?fit=964%2C200&ssl=1&resize=350%2C200 1x, https:\/\/i0.wp.com\/www.dreammedia.es\/blog\/wp-content\/uploads\/62c05-dmnet.gif?fit=964%2C200&ssl=1&resize=525%2C300 1.5x, https:\/\/i0.wp.com\/www.dreammedia.es\/blog\/wp-content\/uploads\/62c05-dmnet.gif?fit=964%2C200&ssl=1&resize=700%2C400 2x"},"classes":[]},{"id":548,"url":"https:\/\/www.dreammedia.es\/blog\/dream-media-miembro-del-cluster-de-comunicacion-y-marketing\/","url_meta":{"origin":2690,"position":3},"title":"Dream media miembro del cluster de comunicaci\u00f3n y marketing","author":"Dream media","date":"","format":false,"excerpt":"Dream media a trav\u00e9s de su CEO Javier Angulo esta presente en el consejo del reci\u00e9n creado \"Cluster de Comunicaci\u00f3n y Marketing de las islas Canarias\" que nace como respuesta a la notable presencia de la comunidad canaria en el sector del marketing, tanto en ventas y como en comunicaci\u00f3n.\u2026","rel":"","context":"En \u00abDream media\u00bb","block_context":{"text":"Dream media","link":"https:\/\/www.dreammedia.es\/blog\/category\/dream-media\/"},"img":{"alt_text":"Cluster","src":"https:\/\/javierangulom.files.wordpress.com\/2019\/07\/c4db1-61164_146398105401737_141043869270494_203024_7763157_n.jpg?w=350&h=200&crop=1","width":350,"height":200},"classes":[]},{"id":1501,"url":"https:\/\/www.dreammedia.es\/blog\/cabildo-de-gran-canaria-abierto-cercano-y-accesible\/","url_meta":{"origin":2690,"position":4},"title":"Cabildo de Gran Canaria, abierto, cercano y accesible","author":"Dream media","date":"","format":false,"excerpt":"Videos sobre la nueva web accesible del Cabildo de Gran Canaria. Producci\u00f3n, rodaje y postproducci\u00f3n de Dream media. https:\/\/youtu.be\/rH2qX6wrW-c?si=GflAOXhR4CNYC2xj https:\/\/youtu.be\/GLpTm8OBJfo?si=HVbcETRcqf41CMur","rel":"","context":"En \u00abDream media\u00bb","block_context":{"text":"Dream media","link":"https:\/\/www.dreammedia.es\/blog\/category\/dream-media\/"},"img":{"alt_text":"","src":"https:\/\/i0.wp.com\/www.dreammedia.es\/blog\/wp-content\/uploads\/40ae0-0.jpg?fit=479%2C268&ssl=1&resize=350%2C200","width":350,"height":200},"classes":[]},{"id":1889,"url":"https:\/\/www.dreammedia.es\/blog\/8\/","url_meta":{"origin":2690,"position":5},"title":"Revista Sony Profesional","author":"Dream media","date":"","format":false,"excerpt":"En su edici\u00f3n internacional incluye un art\u00edculo sobre Dream media...... En este art\u00edculo publicado en la edici\u00f3n internacional de sony, detalla la apuesta decisiva por las nuevas tecnolog\u00edas en Dream media y como ha incorporado la familia XDCAM a los procesos de trabajo de la productora, resaltando ser la primera\u2026","rel":"","context":"En \u00abDream media\u00bb","block_context":{"text":"Dream media","link":"https:\/\/www.dreammedia.es\/blog\/category\/dream-media\/"},"img":{"alt_text":"","src":"https:\/\/i0.wp.com\/www.dreammedia.es\/blog\/wp-content\/uploads\/a4da6-sony1.webp?resize=350%2C200&ssl=1","width":350,"height":200},"classes":[]}],"jetpack_sharing_enabled":true,"_links":{"self":[{"href":"https:\/\/www.dreammedia.es\/blog\/wp-json\/wp\/v2\/posts\/2690","targetHints":{"allow":["GET"]}}],"collection":[{"href":"https:\/\/www.dreammedia.es\/blog\/wp-json\/wp\/v2\/posts"}],"about":[{"href":"https:\/\/www.dreammedia.es\/blog\/wp-json\/wp\/v2\/types\/post"}],"author":[{"embeddable":true,"href":"https:\/\/www.dreammedia.es\/blog\/wp-json\/wp\/v2\/users\/1"}],"replies":[{"embeddable":true,"href":"https:\/\/www.dreammedia.es\/blog\/wp-json\/wp\/v2\/comments?post=2690"}],"version-history":[{"count":3,"href":"https:\/\/www.dreammedia.es\/blog\/wp-json\/wp\/v2\/posts\/2690\/revisions"}],"predecessor-version":[{"id":5678,"href":"https:\/\/www.dreammedia.es\/blog\/wp-json\/wp\/v2\/posts\/2690\/revisions\/5678"}],"wp:featuredmedia":[{"embeddable":true,"href":"https:\/\/www.dreammedia.es\/blog\/wp-json\/wp\/v2\/media\/3842"}],"wp:attachment":[{"href":"https:\/\/www.dreammedia.es\/blog\/wp-json\/wp\/v2\/media?parent=2690"}],"wp:term":[{"taxonomy":"category","embeddable":true,"href":"https:\/\/www.dreammedia.es\/blog\/wp-json\/wp\/v2\/categories?post=2690"},{"taxonomy":"post_tag","embeddable":true,"href":"https:\/\/www.dreammedia.es\/blog\/wp-json\/wp\/v2\/tags?post=2690"}],"curies":[{"name":"wp","href":"https:\/\/api.w.org\/{rel}","templated":true}]}}