{"id":4193,"date":"2022-06-30T18:23:08","date_gmt":"2022-06-30T18:23:08","guid":{"rendered":"https:\/\/www.dreammedia.es\/blog22\/?p=4193"},"modified":"2025-03-16T22:17:19","modified_gmt":"2025-03-16T22:17:19","slug":"aperitivos-snack-2022","status":"publish","type":"post","link":"https:\/\/www.dreammedia.es\/blog\/aperitivos-snack-2022\/","title":{"rendered":"Aperitivos Snack"},"content":{"rendered":"<p><span class=\"break-words\n      \"><span dir=\"ltr\">Convenci\u00f3n anual<\/span><\/span><\/p>\n<p><a href=\"https:\/\/www.linkedin.com\/posts\/aperitivossnack_aperitivossnack-fabricamosydistribuimosemociones-activity-7065280474889207808-jVhq?utm_source=share&amp;utm_medium=member_desktop\"><em>\u00ab<span class=\"break-words\n      \"><span dir=\"ltr\">Nuestra Convenci\u00f3n anual nos est\u00e1 llenando de sue\u00f1os \u2728<br \/>\nCompartimos emociones y momentos inolvidables en el Auditorio de Tenerife para poner en el centro al cliente, el objetivo en las personas y la vista puesta en el futuro.<br \/>\n\u00a1Y lo que nos queda!<\/span><\/span><\/em><\/a><\/p>\n<span class=\"kt-load-after-post\"><\/span>","protected":false},"excerpt":{"rendered":"<p>Convenci\u00f3n anual \u00abNuestra Convenci\u00f3n anual nos est\u00e1 llenando de sue\u00f1os \u2728 Compartimos emociones y momentos inolvidables en el Auditorio de Tenerife para poner en el centro al cliente, el objetivo en las personas y la vista puesta en el futuro. \u00a1Y lo que nos queda!<\/p>\n","protected":false},"author":1,"featured_media":4194,"comment_status":"closed","ping_status":"open","sticky":false,"template":"","format":"standard","meta":{"_kad_blocks_custom_css":"","_kad_blocks_head_custom_js":"","_kad_blocks_body_custom_js":"","_kad_blocks_footer_custom_js":"","advanced_seo_description":"\"Nuestra Convenci\u00f3n anual nos est\u00e1 llenando de sue\u00f1os \u2728\nCompartimos emociones y momentos inolvidables en el Auditorio de Tenerife para poner en el centro al cliente, el objetivo en las personas y la vista puesta en el futuro.\n\u00a1Y lo que nos queda!","jetpack_seo_html_title":"Aperitivos Snack","jetpack_seo_noindex":false,"_kadence_starter_templates_imported_post":false,"_kad_post_transparent":"default","_kad_post_title":"default","_kad_post_layout":"default","_kad_post_sidebar_id":"","_kad_post_content_style":"default","_kad_post_vertical_padding":"default","_kad_post_feature":"","_kad_post_feature_position":"","_kad_post_header":false,"_kad_post_footer":false,"_jetpack_memberships_contains_paid_content":false,"footnotes":""},"categories":[13],"tags":[],"class_list":["post-4193","post","type-post","status-publish","format-standard","has-post-thumbnail","hentry","category-dream-media"],"featured_image_src":"https:\/\/i0.wp.com\/www.dreammedia.es\/blog\/wp-content\/uploads\/1684494130104.jpg?fit=1568%2C1044&ssl=1","author_info":{"display_name":"Dream media","author_link":"https:\/\/www.dreammedia.es\/blog\/author\/morenoangulo\/"},"taxonomy_info":{"category":[{"value":13,"label":"Dream media"}]},"featured_image_src_large":["https:\/\/i0.wp.com\/www.dreammedia.es\/blog\/wp-content\/uploads\/1684494130104.jpg?fit=1024%2C682&ssl=1",1024,682,true],"comment_info":0,"category_info":[{"term_id":13,"name":"Dream media","slug":"dream-media","term_group":0,"term_taxonomy_id":13,"taxonomy":"category","description":"","parent":0,"count":273,"filter":"raw","cat_ID":13,"category_count":273,"category_description":"","cat_name":"Dream media","category_nicename":"dream-media","category_parent":0}],"tag_info":false,"jetpack_featured_media_url":"https:\/\/i0.wp.com\/www.dreammedia.es\/blog\/wp-content\/uploads\/1684494130104.jpg?fit=1568%2C1044&ssl=1","jetpack-related-posts":[{"id":4188,"url":"https:\/\/www.dreammedia.es\/blog\/aperitivos-snack-2023\/","url_meta":{"origin":4193,"position":0},"title":"Aperitivos Snack","author":"Dream media","date":"","format":false,"excerpt":"Convenci\u00f3n de invierno \"Nuestra Convenci\u00f3n de invierno no fue solo un encuentro entre compa\u00f1eros y compa\u00f1eras, fue un escaparate de innovaci\u00f3n, colaboraci\u00f3n y visi\u00f3n hacia el futuro. Juntos, y con la ayuda de nuestros socios estrat\u00e9gicos y colaboradores, construiremos el #AperitivosSnack del 2024.\"","rel":"","context":"En \u00abDream media\u00bb","block_context":{"text":"Dream media","link":"https:\/\/www.dreammedia.es\/blog\/category\/dream-media\/"},"img":{"alt_text":"","src":"https:\/\/i0.wp.com\/www.dreammedia.es\/blog\/wp-content\/uploads\/Diapositiva1.jpeg?fit=720%2C405&ssl=1&resize=350%2C200","width":350,"height":200,"srcset":"https:\/\/i0.wp.com\/www.dreammedia.es\/blog\/wp-content\/uploads\/Diapositiva1.jpeg?fit=720%2C405&ssl=1&resize=350%2C200 1x, https:\/\/i0.wp.com\/www.dreammedia.es\/blog\/wp-content\/uploads\/Diapositiva1.jpeg?fit=720%2C405&ssl=1&resize=525%2C300 1.5x, https:\/\/i0.wp.com\/www.dreammedia.es\/blog\/wp-content\/uploads\/Diapositiva1.jpeg?fit=720%2C405&ssl=1&resize=700%2C400 2x"},"classes":[]},{"id":3347,"url":"https:\/\/www.dreammedia.es\/blog\/true-moments-islas-canarias\/","url_meta":{"origin":4193,"position":1},"title":"True Moments &#8211; Islas Canarias","author":"Dream media","date":"","format":false,"excerpt":"La marca tur\u00edstica Islas Canarias ha puesto en marcha una nueva plataforma de comunicaci\u00f3n denominada The other map, destinada a un segmento espec\u00edfico de viajeros que no quieren sentirse turistas en el sentido tradicional y buscan disfrutar de experiencias no convencionales durante sus vacaciones: los sibaritas modernos. https:\/\/www.youtube.com\/watch?v=NDGw3mO9JwE&feature=emb_logo En torno\u2026","rel":"","context":"En \u00abDream media\u00bb","block_context":{"text":"Dream media","link":"https:\/\/www.dreammedia.es\/blog\/category\/dream-media\/"},"img":{"alt_text":"","src":"https:\/\/i0.wp.com\/www.dreammedia.es\/blog\/wp-content\/uploads\/Captura-de-pantalla-2020-04-22-a-las-22.07.00.png?fit=1118%2C624&ssl=1&resize=350%2C200","width":350,"height":200,"srcset":"https:\/\/i0.wp.com\/www.dreammedia.es\/blog\/wp-content\/uploads\/Captura-de-pantalla-2020-04-22-a-las-22.07.00.png?fit=1118%2C624&ssl=1&resize=350%2C200 1x, https:\/\/i0.wp.com\/www.dreammedia.es\/blog\/wp-content\/uploads\/Captura-de-pantalla-2020-04-22-a-las-22.07.00.png?fit=1118%2C624&ssl=1&resize=525%2C300 1.5x, https:\/\/i0.wp.com\/www.dreammedia.es\/blog\/wp-content\/uploads\/Captura-de-pantalla-2020-04-22-a-las-22.07.00.png?fit=1118%2C624&ssl=1&resize=700%2C400 2x, https:\/\/i0.wp.com\/www.dreammedia.es\/blog\/wp-content\/uploads\/Captura-de-pantalla-2020-04-22-a-las-22.07.00.png?fit=1118%2C624&ssl=1&resize=1050%2C600 3x"},"classes":[]},{"id":1485,"url":"https:\/\/www.dreammedia.es\/blog\/platano-de-canarias-nuestro-sabor-nos-hace-unicos\/","url_meta":{"origin":4193,"position":2},"title":"Pl\u00e1tano de Canarias. Nuestro sabor nos hace \u00fanicos","author":"Dream media","date":"","format":false,"excerpt":"Produccion de sonido desde Gran Canaria con Estudios La Panaderia https:\/\/youtu.be\/a_xNrHqHH_8?si=Z6Vi6x7P1FUG6u5y","rel":"","context":"En \u00abDream media\u00bb","block_context":{"text":"Dream media","link":"https:\/\/www.dreammedia.es\/blog\/category\/dream-media\/"},"img":{"alt_text":"","src":"https:\/\/i0.wp.com\/www.dreammedia.es\/blog\/wp-content\/uploads\/4080b-hqdefault1.jpg?fit=479%2C271&ssl=1&resize=350%2C200","width":350,"height":200},"classes":[]},{"id":1906,"url":"https:\/\/www.dreammedia.es\/blog\/la-publicidad-en-canarias-ii\/","url_meta":{"origin":4193,"position":3},"title":"La publicidad en Canarias (II)","author":"Dream media","date":"","format":false,"excerpt":"Cuando hablas de la publicidad en las islas, siempre lo hacemos de agencias, creativos, clientes y ejecutivos. Pero en esta entrega perm\u00edtanme que me centre en una sola persona. El ya no est\u00e1 con nosotros, se nos fue hace unos cuantos a\u00f1os, pero quiero desde este rinc\u00f3n rendirle un peque\u00f1o\u2026","rel":"","context":"En \u00abDream media\u00bb","block_context":{"text":"Dream media","link":"https:\/\/www.dreammedia.es\/blog\/category\/dream-media\/"},"img":{"alt_text":"","src":"","width":0,"height":0},"classes":[]},{"id":652,"url":"https:\/\/www.dreammedia.es\/blog\/la-publicidad-en-canarias-ii-2\/","url_meta":{"origin":4193,"position":4},"title":"La publicidad en Canarias (II)","author":"Dream media","date":"","format":false,"excerpt":"Cuando hablas de la publicidad en las islas, siempre lo hacemos de agencias, creativos, clientes y ejecutivos. Pero en esta entrega perm\u00edtanme que me centre en una sola persona. El ya no est\u00e1 con nosotros, se nos fue hace unos cuantos a\u00f1os, pero quiero desde este rinc\u00f3n rendirle un peque\u00f1o\u2026","rel":"","context":"En \u00abDream media\u00bb","block_context":{"text":"Dream media","link":"https:\/\/www.dreammedia.es\/blog\/category\/dream-media\/"},"img":{"alt_text":"images","src":"https:\/\/javierangulom.files.wordpress.com\/2019\/07\/7e17e-images-1.jpeg?w=350&h=200&crop=1","width":350,"height":200},"classes":[]},{"id":2593,"url":"https:\/\/www.dreammedia.es\/blog\/aldi\/","url_meta":{"origin":4193,"position":5},"title":"ALDI","author":"Dream media","date":"","format":false,"excerpt":"Durante unos meses nos visit\u00f3 Francesc Garrido, ya que estaba de rodaje en Gran Canaria, por lo que se trasladaba a nuestros estudios para sus grabaciones publicitarias con conexi\u00f3n con los estudios De-Luxe en Barcelona.[youtube https:\/\/www.youtube.com\/watch?v=NAD3QShk1ic] https:\/\/www.youtube.com\/watch?v=NAD3QShk1ic","rel":"","context":"En \u00abDream media\u00bb","block_context":{"text":"Dream media","link":"https:\/\/www.dreammedia.es\/blog\/category\/dream-media\/"},"img":{"alt_text":"","src":"https:\/\/i0.wp.com\/www.dreammedia.es\/blog\/wp-content\/uploads\/un-cafe-con-francesc-garrido-soy-mal-espectador-de-television-ni-siquiera-veo-series.jpg?fit=1024%2C634&ssl=1&resize=350%2C200","width":350,"height":200,"srcset":"https:\/\/i0.wp.com\/www.dreammedia.es\/blog\/wp-content\/uploads\/un-cafe-con-francesc-garrido-soy-mal-espectador-de-television-ni-siquiera-veo-series.jpg?fit=1024%2C634&ssl=1&resize=350%2C200 1x, https:\/\/i0.wp.com\/www.dreammedia.es\/blog\/wp-content\/uploads\/un-cafe-con-francesc-garrido-soy-mal-espectador-de-television-ni-siquiera-veo-series.jpg?fit=1024%2C634&ssl=1&resize=525%2C300 1.5x, https:\/\/i0.wp.com\/www.dreammedia.es\/blog\/wp-content\/uploads\/un-cafe-con-francesc-garrido-soy-mal-espectador-de-television-ni-siquiera-veo-series.jpg?fit=1024%2C634&ssl=1&resize=700%2C400 2x"},"classes":[]}],"jetpack_sharing_enabled":true,"_links":{"self":[{"href":"https:\/\/www.dreammedia.es\/blog\/wp-json\/wp\/v2\/posts\/4193","targetHints":{"allow":["GET"]}}],"collection":[{"href":"https:\/\/www.dreammedia.es\/blog\/wp-json\/wp\/v2\/posts"}],"about":[{"href":"https:\/\/www.dreammedia.es\/blog\/wp-json\/wp\/v2\/types\/post"}],"author":[{"embeddable":true,"href":"https:\/\/www.dreammedia.es\/blog\/wp-json\/wp\/v2\/users\/1"}],"replies":[{"embeddable":true,"href":"https:\/\/www.dreammedia.es\/blog\/wp-json\/wp\/v2\/comments?post=4193"}],"version-history":[{"count":3,"href":"https:\/\/www.dreammedia.es\/blog\/wp-json\/wp\/v2\/posts\/4193\/revisions"}],"predecessor-version":[{"id":6058,"href":"https:\/\/www.dreammedia.es\/blog\/wp-json\/wp\/v2\/posts\/4193\/revisions\/6058"}],"wp:featuredmedia":[{"embeddable":true,"href":"https:\/\/www.dreammedia.es\/blog\/wp-json\/wp\/v2\/media\/4194"}],"wp:attachment":[{"href":"https:\/\/www.dreammedia.es\/blog\/wp-json\/wp\/v2\/media?parent=4193"}],"wp:term":[{"taxonomy":"category","embeddable":true,"href":"https:\/\/www.dreammedia.es\/blog\/wp-json\/wp\/v2\/categories?post=4193"},{"taxonomy":"post_tag","embeddable":true,"href":"https:\/\/www.dreammedia.es\/blog\/wp-json\/wp\/v2\/tags?post=4193"}],"curies":[{"name":"wp","href":"https:\/\/api.w.org\/{rel}","templated":true}]}}