{"id":5282,"date":"2017-05-30T08:49:00","date_gmt":"2017-05-30T08:49:00","guid":{"rendered":"https:\/\/www.dreammedia.es\/blog\/?p=5282"},"modified":"2024-05-12T11:44:37","modified_gmt":"2024-05-12T11:44:37","slug":"resumen-temporada-2016-2017","status":"publish","type":"post","link":"https:\/\/www.dreammedia.es\/blog\/resumen-temporada-2016-2017\/","title":{"rendered":"Resumen temporada 2016-2017"},"content":{"rendered":"\n<p>Resumen de una temporada hist\u00f3rica de la UD Las Palmas<\/p>\n\n\n\n<p id=\"block-6156508b-4d42-45ba-a768-4830e44bb3e2\">Video en el <a href=\"https:\/\/youtu.be\/SAj4K5-5fac?si=UYD3tOQOy1yEUKiE\">canal de UD Las Palmas<\/a><\/p>\n\n\n\n<figure class=\"wp-block-embed is-type-video is-provider-youtube wp-block-embed-youtube wp-embed-aspect-16-9 wp-has-aspect-ratio\"><div class=\"wp-block-embed__wrapper\">\n<iframe loading=\"lazy\" title=\"Seguimos creciendo\" width=\"720\" height=\"405\" src=\"https:\/\/www.youtube.com\/embed\/KNA2fRGT-Vg?feature=oembed\" frameborder=\"0\" allow=\"accelerometer; autoplay; clipboard-write; encrypted-media; gyroscope; picture-in-picture; web-share\" referrerpolicy=\"strict-origin-when-cross-origin\" allowfullscreen><\/iframe>\n<\/div><\/figure>\n<span class=\"kt-load-after-post\"><\/span>","protected":false},"excerpt":{"rendered":"<p>Resumen de una temporada hist\u00f3rica de la UD Las Palmas Video en el canal de UD Las Palmas<\/p>\n","protected":false},"author":1,"featured_media":5280,"comment_status":"closed","ping_status":"open","sticky":false,"template":"","format":"standard","meta":{"_kad_blocks_custom_css":"","_kad_blocks_head_custom_js":"","_kad_blocks_body_custom_js":"","_kad_blocks_footer_custom_js":"","advanced_seo_description":"","jetpack_seo_html_title":"","jetpack_seo_noindex":false,"_kadence_starter_templates_imported_post":false,"_kad_post_transparent":"","_kad_post_title":"","_kad_post_layout":"","_kad_post_sidebar_id":"","_kad_post_content_style":"","_kad_post_vertical_padding":"","_kad_post_feature":"","_kad_post_feature_position":"","_kad_post_header":false,"_kad_post_footer":false,"_jetpack_memberships_contains_paid_content":false,"footnotes":""},"categories":[13],"tags":[],"class_list":["post-5282","post","type-post","status-publish","format-standard","has-post-thumbnail","hentry","category-dream-media"],"featured_image_src":"https:\/\/i0.wp.com\/www.dreammedia.es\/blog\/wp-content\/uploads\/Captura-de-pantalla-2024-05-02-a-las-9.47.09.png?fit=2548%2C1428&ssl=1","author_info":{"display_name":"Dream media","author_link":"https:\/\/www.dreammedia.es\/blog\/author\/morenoangulo\/"},"taxonomy_info":{"category":[{"value":13,"label":"Dream media"}]},"featured_image_src_large":["https:\/\/i0.wp.com\/www.dreammedia.es\/blog\/wp-content\/uploads\/Captura-de-pantalla-2024-05-02-a-las-9.47.09.png?fit=1024%2C574&ssl=1",1024,574,true],"comment_info":0,"category_info":[{"term_id":13,"name":"Dream media","slug":"dream-media","term_group":0,"term_taxonomy_id":13,"taxonomy":"category","description":"","parent":0,"count":273,"filter":"raw","cat_ID":13,"category_count":273,"category_description":"","cat_name":"Dream media","category_nicename":"dream-media","category_parent":0}],"tag_info":false,"jetpack_featured_media_url":"https:\/\/i0.wp.com\/www.dreammedia.es\/blog\/wp-content\/uploads\/Captura-de-pantalla-2024-05-02-a-las-9.47.09.png?fit=2548%2C1428&ssl=1","jetpack-related-posts":[{"id":1720,"url":"https:\/\/www.dreammedia.es\/blog\/resumen-temporada-2015-2016\/","url_meta":{"origin":5282,"position":0},"title":"Resumen temporada 2015-2016","author":"Dream media","date":"","format":false,"excerpt":"Resumen de una temporada hist\u00f3rica de la UD Las Palmas Video en el canal de LaLiga https:\/\/youtu.be\/KNA2fRGT-Vg?si=h1vuK5SoBZtmUpM6","rel":"","context":"En \u00abDream media\u00bb","block_context":{"text":"Dream media","link":"https:\/\/www.dreammedia.es\/blog\/category\/dream-media\/"},"img":{"alt_text":"","src":"https:\/\/i0.wp.com\/www.dreammedia.es\/blog\/wp-content\/uploads\/Captura-de-pantalla-2024-05-02-a-las-9.47.09.png?fit=1200%2C673&ssl=1&resize=350%2C200","width":350,"height":200,"srcset":"https:\/\/i0.wp.com\/www.dreammedia.es\/blog\/wp-content\/uploads\/Captura-de-pantalla-2024-05-02-a-las-9.47.09.png?fit=1200%2C673&ssl=1&resize=350%2C200 1x, https:\/\/i0.wp.com\/www.dreammedia.es\/blog\/wp-content\/uploads\/Captura-de-pantalla-2024-05-02-a-las-9.47.09.png?fit=1200%2C673&ssl=1&resize=525%2C300 1.5x, https:\/\/i0.wp.com\/www.dreammedia.es\/blog\/wp-content\/uploads\/Captura-de-pantalla-2024-05-02-a-las-9.47.09.png?fit=1200%2C673&ssl=1&resize=700%2C400 2x, https:\/\/i0.wp.com\/www.dreammedia.es\/blog\/wp-content\/uploads\/Captura-de-pantalla-2024-05-02-a-las-9.47.09.png?fit=1200%2C673&ssl=1&resize=1050%2C600 3x"},"classes":[]},{"id":2557,"url":"https:\/\/www.dreammedia.es\/blog\/ud-las-palmas-balance-temporada-2016-2017\/","url_meta":{"origin":5282,"position":1},"title":"UD Las Palmas &#8211; balance temporada","author":"Dream media","date":"","format":false,"excerpt":"Broche final a la temporada 2016\/2017. La UD Las Palmas cerr\u00f3 el curso con una comida institucional junto a los medios de comunicaci\u00f3n que siguen la actualidad del equipo y tambi\u00e9n patrocinadores del club. El presidente, Miguel \u00c1ngel Ram\u00edrez, espera que la entidad se consolide en la Liga. https:\/\/www.youtube.com\/watch?v=KNA2fRGT-Vg https:\/\/youtu.be\/KNA2fRGT-Vg","rel":"","context":"En \u00abDream media\u00bb","block_context":{"text":"Dream media","link":"https:\/\/www.dreammedia.es\/blog\/category\/dream-media\/"},"img":{"alt_text":"","src":"https:\/\/i0.wp.com\/www.dreammedia.es\/blog\/wp-content\/uploads\/662x372c_10164838grupo.jpg?fit=662%2C372&ssl=1&resize=350%2C200","width":350,"height":200,"srcset":"https:\/\/i0.wp.com\/www.dreammedia.es\/blog\/wp-content\/uploads\/662x372c_10164838grupo.jpg?fit=662%2C372&ssl=1&resize=350%2C200 1x, https:\/\/i0.wp.com\/www.dreammedia.es\/blog\/wp-content\/uploads\/662x372c_10164838grupo.jpg?fit=662%2C372&ssl=1&resize=525%2C300 1.5x"},"classes":[]},{"id":1676,"url":"https:\/\/www.dreammedia.es\/blog\/fanzone-ud-las-palmas\/","url_meta":{"origin":5282,"position":2},"title":"Fanzone UD Las Palmas","author":"Dream media","date":"","format":false,"excerpt":"Desde el inicio de la temporada 2015\/2016 Dream media es responsable de la creaci\u00f3n y producci\u00f3n para UD Las Palmas de su fanzone previa a los partidos que se realizan en el Estadio de Gran Canaria, as\u00ed como sus campa\u00f1as promocionales. https:\/\/www.youtube.com\/watch?v=D5eMIU9-Lgs Fiesta de la afici\u00f3n https:\/\/youtu.be\/CLyIyKYmfwo?si=7kg_umb_VaT-AjpL https:\/\/www.youtube.com\/watch?v=St_aebQ2Imo","rel":"","context":"En \u00abDream media\u00bb","block_context":{"text":"Dream media","link":"https:\/\/www.dreammedia.es\/blog\/category\/dream-media\/"},"img":{"alt_text":"","src":"https:\/\/i0.wp.com\/www.dreammedia.es\/blog\/wp-content\/uploads\/1801d-img_2224.jpg?fit=1024%2C575&ssl=1&resize=350%2C200","width":350,"height":200,"srcset":"https:\/\/i0.wp.com\/www.dreammedia.es\/blog\/wp-content\/uploads\/1801d-img_2224.jpg?fit=1024%2C575&ssl=1&resize=350%2C200 1x, https:\/\/i0.wp.com\/www.dreammedia.es\/blog\/wp-content\/uploads\/1801d-img_2224.jpg?fit=1024%2C575&ssl=1&resize=525%2C300 1.5x, https:\/\/i0.wp.com\/www.dreammedia.es\/blog\/wp-content\/uploads\/1801d-img_2224.jpg?fit=1024%2C575&ssl=1&resize=700%2C400 2x"},"classes":[]},{"id":1789,"url":"https:\/\/www.dreammedia.es\/blog\/ud-las-palmas-tutorial-venta-online\/","url_meta":{"origin":5282,"position":3},"title":"UD Las Palmas &#8211; tutorial venta online","author":"Dream media","date":"","format":false,"excerpt":"Tutorial de venta online de entradas UD Las Palmas, con visi\u00f3n 3D del asiento elegido. https:\/\/youtu.be\/SpoLYr6DoyU","rel":"","context":"En \u00abDream media\u00bb","block_context":{"text":"Dream media","link":"https:\/\/www.dreammedia.es\/blog\/category\/dream-media\/"},"img":{"alt_text":"","src":"https:\/\/i0.wp.com\/www.dreammedia.es\/blog\/wp-content\/uploads\/02Entrees.es-UD-Las-Palmas-LaLiga-Santanderbr-U.D.-Las-Palmas-VS-R.C.-Celta-de-Vigo.png?fit=1200%2C581&ssl=1&resize=350%2C200","width":350,"height":200,"srcset":"https:\/\/i0.wp.com\/www.dreammedia.es\/blog\/wp-content\/uploads\/02Entrees.es-UD-Las-Palmas-LaLiga-Santanderbr-U.D.-Las-Palmas-VS-R.C.-Celta-de-Vigo.png?fit=1200%2C581&ssl=1&resize=350%2C200 1x, https:\/\/i0.wp.com\/www.dreammedia.es\/blog\/wp-content\/uploads\/02Entrees.es-UD-Las-Palmas-LaLiga-Santanderbr-U.D.-Las-Palmas-VS-R.C.-Celta-de-Vigo.png?fit=1200%2C581&ssl=1&resize=525%2C300 1.5x, https:\/\/i0.wp.com\/www.dreammedia.es\/blog\/wp-content\/uploads\/02Entrees.es-UD-Las-Palmas-LaLiga-Santanderbr-U.D.-Las-Palmas-VS-R.C.-Celta-de-Vigo.png?fit=1200%2C581&ssl=1&resize=700%2C400 2x, https:\/\/i0.wp.com\/www.dreammedia.es\/blog\/wp-content\/uploads\/02Entrees.es-UD-Las-Palmas-LaLiga-Santanderbr-U.D.-Las-Palmas-VS-R.C.-Celta-de-Vigo.png?fit=1200%2C581&ssl=1&resize=1050%2C600 3x"},"classes":[]},{"id":3399,"url":"https:\/\/www.dreammedia.es\/blog\/quedateencasa-ud-las-palmas\/","url_meta":{"origin":5282,"position":4},"title":"#Qu\u00e9dateEnCasa UD Las Palmas","author":"Dream media","date":"","format":false,"excerpt":"Video corporativo de la Uni\u00f3n Deportiva de Las Palmas con un mensaje claro de su compromiso de volver juntos a vivir esta pasi\u00f3n compartida https:\/\/youtu.be\/5FOlKfot-PU","rel":"","context":"En \u00abDream media\u00bb","block_context":{"text":"Dream media","link":"https:\/\/www.dreammedia.es\/blog\/category\/dream-media\/"},"img":{"alt_text":"","src":"https:\/\/i0.wp.com\/www.dreammedia.es\/blog\/wp-content\/uploads\/1.jpg?fit=1200%2C678&ssl=1&resize=350%2C200","width":350,"height":200,"srcset":"https:\/\/i0.wp.com\/www.dreammedia.es\/blog\/wp-content\/uploads\/1.jpg?fit=1200%2C678&ssl=1&resize=350%2C200 1x, https:\/\/i0.wp.com\/www.dreammedia.es\/blog\/wp-content\/uploads\/1.jpg?fit=1200%2C678&ssl=1&resize=525%2C300 1.5x, https:\/\/i0.wp.com\/www.dreammedia.es\/blog\/wp-content\/uploads\/1.jpg?fit=1200%2C678&ssl=1&resize=700%2C400 2x, https:\/\/i0.wp.com\/www.dreammedia.es\/blog\/wp-content\/uploads\/1.jpg?fit=1200%2C678&ssl=1&resize=1050%2C600 3x"},"classes":[]},{"id":5341,"url":"https:\/\/www.dreammedia.es\/blog\/videos-para-ud-las-palmas\/","url_meta":{"origin":5282,"position":5},"title":"UD Las Palmas &#8211; La Liga","author":"Dream media","date":"","format":false,"excerpt":"Diferentes v\u00eddeos para UD Las Palmas https:\/\/youtu.be\/IoC1916kj2s?si=yoJ1lNiRRmHSXiJu https:\/\/youtu.be\/9OJHpIh8rFo?si=ZvH17yEI0S9yKPG5 https:\/\/youtu.be\/rPAUeAcnFFc?si=2PbvMotgRleKT-qt https:\/\/youtu.be\/GB6mly9e9f8?si=eFMJs_CmNAmPZnMz https:\/\/youtu.be\/ex3SKc76jZY?si=5H7uzBtJWpkOXtTU https:\/\/youtu.be\/bAr-86N_Eos?si=36nW1ryqOJ31YumG https:\/\/youtu.be\/jclkuBcsPrc?si=f23fvK0pw6BIa1Zm https:\/\/youtu.be\/6WNOCwS3jXg?si=ZA5d7Kt87ry-0j3e https:\/\/youtu.be\/1XuTW6M_CTA?si=qgpbKuZ2MsVeY5ZN https:\/\/youtu.be\/0cDHxUvun38?si=ol6PLGBQrTGzrN78 https:\/\/youtu.be\/c5ySSRzcYFM?si=qz9ixzLzyNU29UST https:\/\/youtu.be\/auqINSUQaOo?si=aNnS7qGVkTz9vdXF","rel":"","context":"En \u00abDream media\u00bb","block_context":{"text":"Dream media","link":"https:\/\/www.dreammedia.es\/blog\/category\/dream-media\/"},"img":{"alt_text":"","src":"https:\/\/i0.wp.com\/www.dreammedia.es\/blog\/wp-content\/uploads\/Captura-de-pantalla-2024-05-02-a-las-11.03.56.png?fit=1200%2C911&ssl=1&resize=350%2C200","width":350,"height":200,"srcset":"https:\/\/i0.wp.com\/www.dreammedia.es\/blog\/wp-content\/uploads\/Captura-de-pantalla-2024-05-02-a-las-11.03.56.png?fit=1200%2C911&ssl=1&resize=350%2C200 1x, https:\/\/i0.wp.com\/www.dreammedia.es\/blog\/wp-content\/uploads\/Captura-de-pantalla-2024-05-02-a-las-11.03.56.png?fit=1200%2C911&ssl=1&resize=525%2C300 1.5x, https:\/\/i0.wp.com\/www.dreammedia.es\/blog\/wp-content\/uploads\/Captura-de-pantalla-2024-05-02-a-las-11.03.56.png?fit=1200%2C911&ssl=1&resize=700%2C400 2x, https:\/\/i0.wp.com\/www.dreammedia.es\/blog\/wp-content\/uploads\/Captura-de-pantalla-2024-05-02-a-las-11.03.56.png?fit=1200%2C911&ssl=1&resize=1050%2C600 3x"},"classes":[]}],"jetpack_sharing_enabled":true,"_links":{"self":[{"href":"https:\/\/www.dreammedia.es\/blog\/wp-json\/wp\/v2\/posts\/5282","targetHints":{"allow":["GET"]}}],"collection":[{"href":"https:\/\/www.dreammedia.es\/blog\/wp-json\/wp\/v2\/posts"}],"about":[{"href":"https:\/\/www.dreammedia.es\/blog\/wp-json\/wp\/v2\/types\/post"}],"author":[{"embeddable":true,"href":"https:\/\/www.dreammedia.es\/blog\/wp-json\/wp\/v2\/users\/1"}],"replies":[{"embeddable":true,"href":"https:\/\/www.dreammedia.es\/blog\/wp-json\/wp\/v2\/comments?post=5282"}],"version-history":[{"count":2,"href":"https:\/\/www.dreammedia.es\/blog\/wp-json\/wp\/v2\/posts\/5282\/revisions"}],"predecessor-version":[{"id":5709,"href":"https:\/\/www.dreammedia.es\/blog\/wp-json\/wp\/v2\/posts\/5282\/revisions\/5709"}],"wp:featuredmedia":[{"embeddable":true,"href":"https:\/\/www.dreammedia.es\/blog\/wp-json\/wp\/v2\/media\/5280"}],"wp:attachment":[{"href":"https:\/\/www.dreammedia.es\/blog\/wp-json\/wp\/v2\/media?parent=5282"}],"wp:term":[{"taxonomy":"category","embeddable":true,"href":"https:\/\/www.dreammedia.es\/blog\/wp-json\/wp\/v2\/categories?post=5282"},{"taxonomy":"post_tag","embeddable":true,"href":"https:\/\/www.dreammedia.es\/blog\/wp-json\/wp\/v2\/tags?post=5282"}],"curies":[{"name":"wp","href":"https:\/\/api.w.org\/{rel}","templated":true}]}}