{"id":5482,"date":"2014-01-04T11:27:00","date_gmt":"2014-01-04T11:27:00","guid":{"rendered":"https:\/\/www.dreammedia.es\/blog\/?p=5482"},"modified":"2024-05-12T10:48:33","modified_gmt":"2024-05-12T10:48:33","slug":"gran-canaria-maraton","status":"publish","type":"post","link":"https:\/\/www.dreammedia.es\/blog\/gran-canaria-maraton\/","title":{"rendered":"Gran Canaria Marat\u00f3n"},"content":{"rendered":"\n<p>DISA GRAN CANARIA MARAT\u00d3N 2014<\/p>\n\n\n\n<figure class=\"wp-block-video\"><video height=\"176\" style=\"aspect-ratio: 320 \/ 176;\" width=\"320\" controls src=\"https:\/\/www.dreammedia.es\/blog\/wp-content\/uploads\/DISA-GC-MARATON-SAN-JUAN-DE-DiOS240p_DASH_H.264-AAC.mp4\"><\/video><\/figure>\n<span class=\"kt-load-after-post\"><\/span>","protected":false},"excerpt":{"rendered":"<p>DISA GRAN CANARIA MARAT\u00d3N 2014<\/p>\n","protected":false},"author":1,"featured_media":5484,"comment_status":"open","ping_status":"open","sticky":false,"template":"","format":"standard","meta":{"_kad_blocks_custom_css":"","_kad_blocks_head_custom_js":"","_kad_blocks_body_custom_js":"","_kad_blocks_footer_custom_js":"","advanced_seo_description":"","jetpack_seo_html_title":"","jetpack_seo_noindex":false,"_kadence_starter_templates_imported_post":false,"_kad_post_transparent":"","_kad_post_title":"","_kad_post_layout":"","_kad_post_sidebar_id":"","_kad_post_content_style":"","_kad_post_vertical_padding":"","_kad_post_feature":"","_kad_post_feature_position":"","_kad_post_header":false,"_kad_post_footer":false,"_jetpack_memberships_contains_paid_content":false,"footnotes":""},"categories":[13],"tags":[],"class_list":["post-5482","post","type-post","status-publish","format-standard","has-post-thumbnail","hentry","category-dream-media"],"featured_image_src":"https:\/\/i0.wp.com\/www.dreammedia.es\/blog\/wp-content\/uploads\/disagrancanariamaraton2014.jpg?fit=660%2C327&ssl=1","author_info":{"display_name":"Dream media","author_link":"https:\/\/www.dreammedia.es\/blog\/author\/morenoangulo\/"},"taxonomy_info":{"category":[{"value":13,"label":"Dream media"}]},"featured_image_src_large":["https:\/\/i0.wp.com\/www.dreammedia.es\/blog\/wp-content\/uploads\/disagrancanariamaraton2014.jpg?fit=660%2C327&ssl=1",660,327,true],"comment_info":0,"category_info":[{"term_id":13,"name":"Dream media","slug":"dream-media","term_group":0,"term_taxonomy_id":13,"taxonomy":"category","description":"","parent":0,"count":273,"filter":"raw","cat_ID":13,"category_count":273,"category_description":"","cat_name":"Dream media","category_nicename":"dream-media","category_parent":0}],"tag_info":false,"jetpack_featured_media_url":"https:\/\/i0.wp.com\/www.dreammedia.es\/blog\/wp-content\/uploads\/disagrancanariamaraton2014.jpg?fit=660%2C327&ssl=1","jetpack-related-posts":[{"id":1341,"url":"https:\/\/www.dreammedia.es\/blog\/2014-el-ano-de-gran-canaria\/","url_meta":{"origin":5482,"position":0},"title":"2014 el a\u00f1o de Gran Canaria","author":"Dream media","date":"","format":false,"excerpt":"V\u00eddeo del Cabildo de Gran Canaria de un a\u00f1o hist\u00f3rico para Gran Canaria https:\/\/youtu.be\/FvQ0jHdXklA?si=8ELzr4sgA29q51fw","rel":"","context":"En \u00abDream media\u00bb","block_context":{"text":"Dream media","link":"https:\/\/www.dreammedia.es\/blog\/category\/dream-media\/"},"img":{"alt_text":"","src":"https:\/\/i0.wp.com\/img.youtube.com\/vi\/FvQ0jHdXklA\/0.jpg?resize=350%2C200","width":350,"height":200},"classes":[]},{"id":1309,"url":"https:\/\/www.dreammedia.es\/blog\/gran-canaria-moda-calida-2014\/","url_meta":{"origin":5482,"position":1},"title":"Gran Canaria Moda C\u00e1lida 2014","author":"Dream media","date":"","format":false,"excerpt":"Una edici\u00f3n m\u00e1s de Gran Canaria Moda C\u00e1lida en la que Dream media est\u00e1 presente con la producci\u00f3n y postproducci\u00f3n audiovisual. https:\/\/youtu.be\/Ox7k7SVIy5w?feature=shared","rel":"","context":"En \u00abDream media\u00bb","block_context":{"text":"Dream media","link":"https:\/\/www.dreammedia.es\/blog\/category\/dream-media\/"},"img":{"alt_text":"","src":"https:\/\/i0.wp.com\/www.dreammedia.es\/blog\/wp-content\/uploads\/unnamed.jpg?fit=900%2C900&ssl=1&resize=350%2C200","width":350,"height":200,"srcset":"https:\/\/i0.wp.com\/www.dreammedia.es\/blog\/wp-content\/uploads\/unnamed.jpg?fit=900%2C900&ssl=1&resize=350%2C200 1x, https:\/\/i0.wp.com\/www.dreammedia.es\/blog\/wp-content\/uploads\/unnamed.jpg?fit=900%2C900&ssl=1&resize=525%2C300 1.5x, https:\/\/i0.wp.com\/www.dreammedia.es\/blog\/wp-content\/uploads\/unnamed.jpg?fit=900%2C900&ssl=1&resize=700%2C400 2x"},"classes":[]},{"id":991,"url":"https:\/\/www.dreammedia.es\/blog\/honores-y-distinciones-gran-canaria-2014\/","url_meta":{"origin":5482,"position":2},"title":"Honores y Distinciones Gran Canaria 2014","author":"Dream media","date":"","format":false,"excerpt":"El Cabildo de Gran Canaria celebr\u00f3 en el Auditorio Alfredo Kraus de Las Palmas de Gran Canaria su Solemne Acto Institucional de Entrega de Honores y Distinciones 2014 en el que \u00a0se\u00a0reconoce la labor desempe\u00f1ada por diversas personalidades y organizaciones que han destacado por sus merecimientos, servicios y acciones extraordinarias\u2026","rel":"","context":"En \u00abDream media\u00bb","block_context":{"text":"Dream media","link":"https:\/\/www.dreammedia.es\/blog\/category\/dream-media\/"},"img":{"alt_text":"","src":"https:\/\/i0.wp.com\/www.dreammedia.es\/blog\/wp-content\/uploads\/355af-cartela01.jpg?fit=1024%2C576&ssl=1&resize=350%2C200","width":350,"height":200,"srcset":"https:\/\/i0.wp.com\/www.dreammedia.es\/blog\/wp-content\/uploads\/355af-cartela01.jpg?fit=1024%2C576&ssl=1&resize=350%2C200 1x, https:\/\/i0.wp.com\/www.dreammedia.es\/blog\/wp-content\/uploads\/355af-cartela01.jpg?fit=1024%2C576&ssl=1&resize=525%2C300 1.5x, https:\/\/i0.wp.com\/www.dreammedia.es\/blog\/wp-content\/uploads\/355af-cartela01.jpg?fit=1024%2C576&ssl=1&resize=700%2C400 2x"},"classes":[]},{"id":1346,"url":"https:\/\/www.dreammedia.es\/blog\/pacha-gran-canaria-summer-2014\/","url_meta":{"origin":5482,"position":3},"title":"Pacha Gran Canaria Summer 2014","author":"Dream media","date":"","format":false,"excerpt":"El verano de 2024 comenz\u00f3 con la visita de Bob Sinclair Spot TV https:\/\/youtu.be\/yghX3d8iMg8?feature=shared Campa\u00f1a de radio","rel":"","context":"En \u00abDream media\u00bb","block_context":{"text":"Dream media","link":"https:\/\/www.dreammedia.es\/blog\/category\/dream-media\/"},"img":{"alt_text":"","src":"https:\/\/i0.wp.com\/www.dreammedia.es\/blog\/wp-content\/uploads\/28bc6-valla1.jpg?fit=1200%2C436&ssl=1&resize=350%2C200","width":350,"height":200,"srcset":"https:\/\/i0.wp.com\/www.dreammedia.es\/blog\/wp-content\/uploads\/28bc6-valla1.jpg?fit=1200%2C436&ssl=1&resize=350%2C200 1x, https:\/\/i0.wp.com\/www.dreammedia.es\/blog\/wp-content\/uploads\/28bc6-valla1.jpg?fit=1200%2C436&ssl=1&resize=525%2C300 1.5x, https:\/\/i0.wp.com\/www.dreammedia.es\/blog\/wp-content\/uploads\/28bc6-valla1.jpg?fit=1200%2C436&ssl=1&resize=700%2C400 2x, https:\/\/i0.wp.com\/www.dreammedia.es\/blog\/wp-content\/uploads\/28bc6-valla1.jpg?fit=1200%2C436&ssl=1&resize=1050%2C600 3x"},"classes":[]},{"id":907,"url":"https:\/\/www.dreammedia.es\/blog\/fitur-gran-canaria-2014\/","url_meta":{"origin":5482,"position":4},"title":"Fitur &#8211; Gran Canaria 2014","author":"Dream media","date":"","format":false,"excerpt":"Durante la Feria Internacional de Turismo de Madrid 2014 (FITUR), acci\u00f3n de Street marketing por las principales calles y v\u00edas del centro de Madrid con cheerleaders, promotoras y m\u00fasicos (batucada), ataviados con los colores representativos de la isla (azul y amarillo) con \u201cGRAN CANARIA 2014\u201d que atrajeron a miles de\u2026","rel":"","context":"En \u00abDream media\u00bb","block_context":{"text":"Dream media","link":"https:\/\/www.dreammedia.es\/blog\/category\/dream-media\/"},"img":{"alt_text":"","src":"https:\/\/i0.wp.com\/www.dreammedia.es\/blog\/wp-content\/uploads\/7e5e3-fitur03.jpg?resize=350%2C200&ssl=1","width":350,"height":200,"srcset":"https:\/\/i0.wp.com\/www.dreammedia.es\/blog\/wp-content\/uploads\/7e5e3-fitur03.jpg?resize=350%2C200&ssl=1 1x, https:\/\/i0.wp.com\/www.dreammedia.es\/blog\/wp-content\/uploads\/7e5e3-fitur03.jpg?resize=525%2C300&ssl=1 1.5x"},"classes":[]},{"id":849,"url":"https:\/\/www.dreammedia.es\/blog\/gran-canaria-2014\/","url_meta":{"origin":5482,"position":5},"title":"Gran Canaria 2014","author":"Dream media","date":"","format":false,"excerpt":"El pasado jueves d\u00eda 4 tuvo lugar la puesta en escena de la sede de Gran Canaria en la Copa del Mundo de 2014. A falta de catorce meses para el comienzo de la \"mayor cita deportiva de la historia de la isla\", seg\u00fan palabras del presidente del Cabildo de\u2026","rel":"","context":"En \u00abDream media\u00bb","block_context":{"text":"Dream media","link":"https:\/\/www.dreammedia.es\/blog\/category\/dream-media\/"},"img":{"alt_text":"Unknown","src":"https:\/\/javierangulom.files.wordpress.com\/2019\/07\/abec3-unknown1-1.jpeg?w=350&h=200&crop=1","width":350,"height":200},"classes":[]}],"jetpack_sharing_enabled":true,"_links":{"self":[{"href":"https:\/\/www.dreammedia.es\/blog\/wp-json\/wp\/v2\/posts\/5482","targetHints":{"allow":["GET"]}}],"collection":[{"href":"https:\/\/www.dreammedia.es\/blog\/wp-json\/wp\/v2\/posts"}],"about":[{"href":"https:\/\/www.dreammedia.es\/blog\/wp-json\/wp\/v2\/types\/post"}],"author":[{"embeddable":true,"href":"https:\/\/www.dreammedia.es\/blog\/wp-json\/wp\/v2\/users\/1"}],"replies":[{"embeddable":true,"href":"https:\/\/www.dreammedia.es\/blog\/wp-json\/wp\/v2\/comments?post=5482"}],"version-history":[{"count":1,"href":"https:\/\/www.dreammedia.es\/blog\/wp-json\/wp\/v2\/posts\/5482\/revisions"}],"predecessor-version":[{"id":5485,"href":"https:\/\/www.dreammedia.es\/blog\/wp-json\/wp\/v2\/posts\/5482\/revisions\/5485"}],"wp:featuredmedia":[{"embeddable":true,"href":"https:\/\/www.dreammedia.es\/blog\/wp-json\/wp\/v2\/media\/5484"}],"wp:attachment":[{"href":"https:\/\/www.dreammedia.es\/blog\/wp-json\/wp\/v2\/media?parent=5482"}],"wp:term":[{"taxonomy":"category","embeddable":true,"href":"https:\/\/www.dreammedia.es\/blog\/wp-json\/wp\/v2\/categories?post=5482"},{"taxonomy":"post_tag","embeddable":true,"href":"https:\/\/www.dreammedia.es\/blog\/wp-json\/wp\/v2\/tags?post=5482"}],"curies":[{"name":"wp","href":"https:\/\/api.w.org\/{rel}","templated":true}]}}