{"id":5486,"date":"2014-12-04T11:32:00","date_gmt":"2014-12-04T11:32:00","guid":{"rendered":"https:\/\/www.dreammedia.es\/blog\/?p=5486"},"modified":"2024-05-12T10:48:29","modified_gmt":"2024-05-12T10:48:29","slug":"feria-insular-de-artesania-de-gran-canaria","status":"publish","type":"post","link":"https:\/\/www.dreammedia.es\/blog\/feria-insular-de-artesania-de-gran-canaria\/","title":{"rendered":"Feria Insular de Artesan\u00eda de Gran Canaria"},"content":{"rendered":"\n<p>Campa\u00f1a gr\u00e1fica, TV y radio para la Fundaci\u00f3n para la Etnograf\u00eda y el Desarrollo de la Artesan\u00eda Canaria (Fedac).<\/p>\n\n\n\n<figure class=\"wp-block-embed is-type-video is-provider-youtube wp-block-embed-youtube wp-embed-aspect-16-9 wp-has-aspect-ratio\"><div class=\"wp-block-embed__wrapper\">\n<iframe loading=\"lazy\" title=\"XX Feria insular de Artesan\u00eda de Gran Canaria - San Telmo (Cabildo de Gran Canaria)\" width=\"720\" height=\"405\" src=\"https:\/\/www.youtube.com\/embed\/EppvnTzfcsM?feature=oembed\" frameborder=\"0\" allow=\"accelerometer; autoplay; clipboard-write; encrypted-media; gyroscope; picture-in-picture; web-share\" referrerpolicy=\"strict-origin-when-cross-origin\" allowfullscreen><\/iframe>\n<\/div><\/figure>\n\n\n\n<figure class=\"wp-block-embed is-type-video is-provider-youtube wp-block-embed-youtube wp-embed-aspect-16-9 wp-has-aspect-ratio\"><div class=\"wp-block-embed__wrapper\">\n<iframe loading=\"lazy\" title=\"Esta Navidad Regala Gran Canaria - XIX Feria Insular de Artesan\u00eda de Gran Canaria en San Telmo\" width=\"720\" height=\"405\" src=\"https:\/\/www.youtube.com\/embed\/Fj-mWzXxG9s?feature=oembed\" frameborder=\"0\" allow=\"accelerometer; autoplay; clipboard-write; encrypted-media; gyroscope; picture-in-picture; web-share\" referrerpolicy=\"strict-origin-when-cross-origin\" allowfullscreen><\/iframe>\n<\/div><\/figure>\n\n\n\n<figure class=\"wp-block-image size-full is-resized\"><img data-recalc-dims=\"1\" loading=\"lazy\" decoding=\"async\" width=\"596\" height=\"842\" src=\"https:\/\/i0.wp.com\/www.dreammedia.es\/blog\/wp-content\/uploads\/FEDAC-2014-02.jpg?resize=596%2C842&#038;ssl=1\" alt=\"\" class=\"wp-image-5488\" style=\"width:731px;height:auto\" srcset=\"https:\/\/i0.wp.com\/www.dreammedia.es\/blog\/wp-content\/uploads\/FEDAC-2014-02.jpg?w=596&amp;ssl=1 596w, https:\/\/i0.wp.com\/www.dreammedia.es\/blog\/wp-content\/uploads\/FEDAC-2014-02.jpg?resize=212%2C300&amp;ssl=1 212w\" sizes=\"auto, (max-width: 596px) 100vw, 596px\" \/><\/figure>\n\n\n\n<figure class=\"wp-block-gallery has-nested-images columns-2 wp-block-gallery-1 is-layout-flex wp-block-gallery-is-layout-flex\">\n<figure class=\"wp-block-image size-large\"><img data-recalc-dims=\"1\" loading=\"lazy\" decoding=\"async\" width=\"840\" height=\"840\" data-id=\"5496\" src=\"https:\/\/i0.wp.com\/www.dreammedia.es\/blog\/wp-content\/uploads\/facebook-news-04-01.jpg?resize=840%2C840&#038;ssl=1\" alt=\"\" class=\"wp-image-5496\" srcset=\"https:\/\/i0.wp.com\/www.dreammedia.es\/blog\/wp-content\/uploads\/facebook-news-04-01.jpg?w=840&amp;ssl=1 840w, https:\/\/i0.wp.com\/www.dreammedia.es\/blog\/wp-content\/uploads\/facebook-news-04-01.jpg?resize=300%2C300&amp;ssl=1 300w, https:\/\/i0.wp.com\/www.dreammedia.es\/blog\/wp-content\/uploads\/facebook-news-04-01.jpg?resize=150%2C150&amp;ssl=1 150w, https:\/\/i0.wp.com\/www.dreammedia.es\/blog\/wp-content\/uploads\/facebook-news-04-01.jpg?resize=768%2C768&amp;ssl=1 768w\" sizes=\"auto, (max-width: 840px) 100vw, 840px\" \/><\/figure>\n\n\n\n<figure class=\"wp-block-image size-large\"><img data-recalc-dims=\"1\" loading=\"lazy\" decoding=\"async\" width=\"840\" height=\"840\" data-id=\"5495\" src=\"https:\/\/i0.wp.com\/www.dreammedia.es\/blog\/wp-content\/uploads\/ACTUA-TODOS-01.jpg?resize=840%2C840&#038;ssl=1\" alt=\"\" class=\"wp-image-5495\" srcset=\"https:\/\/i0.wp.com\/www.dreammedia.es\/blog\/wp-content\/uploads\/ACTUA-TODOS-01.jpg?w=840&amp;ssl=1 840w, https:\/\/i0.wp.com\/www.dreammedia.es\/blog\/wp-content\/uploads\/ACTUA-TODOS-01.jpg?resize=300%2C300&amp;ssl=1 300w, https:\/\/i0.wp.com\/www.dreammedia.es\/blog\/wp-content\/uploads\/ACTUA-TODOS-01.jpg?resize=150%2C150&amp;ssl=1 150w, https:\/\/i0.wp.com\/www.dreammedia.es\/blog\/wp-content\/uploads\/ACTUA-TODOS-01.jpg?resize=768%2C768&amp;ssl=1 768w\" sizes=\"auto, (max-width: 840px) 100vw, 840px\" \/><\/figure>\n\n\n\n<figure class=\"wp-block-image size-large\"><img data-recalc-dims=\"1\" loading=\"lazy\" decoding=\"async\" width=\"709\" height=\"295\" data-id=\"5494\" src=\"https:\/\/i0.wp.com\/www.dreammedia.es\/blog\/wp-content\/uploads\/VALLA-01.jpg?resize=709%2C295&#038;ssl=1\" alt=\"\" class=\"wp-image-5494\" srcset=\"https:\/\/i0.wp.com\/www.dreammedia.es\/blog\/wp-content\/uploads\/VALLA-01.jpg?w=709&amp;ssl=1 709w, https:\/\/i0.wp.com\/www.dreammedia.es\/blog\/wp-content\/uploads\/VALLA-01.jpg?resize=300%2C125&amp;ssl=1 300w\" sizes=\"auto, (max-width: 709px) 100vw, 709px\" \/><\/figure>\n\n\n\n<figure class=\"wp-block-image size-large\"><img data-recalc-dims=\"1\" loading=\"lazy\" decoding=\"async\" width=\"1024\" height=\"768\" data-id=\"5493\" src=\"https:\/\/i0.wp.com\/www.dreammedia.es\/blog\/wp-content\/uploads\/simulacion.jpg?resize=1024%2C768&#038;ssl=1\" alt=\"\" class=\"wp-image-5493\" srcset=\"https:\/\/i0.wp.com\/www.dreammedia.es\/blog\/wp-content\/uploads\/simulacion.jpg?resize=1024%2C768&amp;ssl=1 1024w, https:\/\/i0.wp.com\/www.dreammedia.es\/blog\/wp-content\/uploads\/simulacion.jpg?resize=300%2C225&amp;ssl=1 300w, https:\/\/i0.wp.com\/www.dreammedia.es\/blog\/wp-content\/uploads\/simulacion.jpg?resize=768%2C576&amp;ssl=1 768w, https:\/\/i0.wp.com\/www.dreammedia.es\/blog\/wp-content\/uploads\/simulacion.jpg?resize=1536%2C1152&amp;ssl=1 1536w, https:\/\/i0.wp.com\/www.dreammedia.es\/blog\/wp-content\/uploads\/simulacion.jpg?resize=2048%2C1536&amp;ssl=1 2048w\" sizes=\"auto, (max-width: 1024px) 100vw, 1024px\" \/><\/figure>\n\n\n\n<figure class=\"wp-block-image size-large\"><img data-recalc-dims=\"1\" loading=\"lazy\" decoding=\"async\" width=\"1024\" height=\"906\" data-id=\"5492\" src=\"https:\/\/i0.wp.com\/www.dreammedia.es\/blog\/wp-content\/uploads\/arte-final-folleto-04.jpg?resize=1024%2C906&#038;ssl=1\" alt=\"\" class=\"wp-image-5492\" srcset=\"https:\/\/i0.wp.com\/www.dreammedia.es\/blog\/wp-content\/uploads\/arte-final-folleto-04.jpg?resize=1024%2C906&amp;ssl=1 1024w, https:\/\/i0.wp.com\/www.dreammedia.es\/blog\/wp-content\/uploads\/arte-final-folleto-04.jpg?resize=300%2C265&amp;ssl=1 300w, https:\/\/i0.wp.com\/www.dreammedia.es\/blog\/wp-content\/uploads\/arte-final-folleto-04.jpg?resize=768%2C679&amp;ssl=1 768w, https:\/\/i0.wp.com\/www.dreammedia.es\/blog\/wp-content\/uploads\/arte-final-folleto-04.jpg?w=1535&amp;ssl=1 1535w\" sizes=\"auto, (max-width: 1024px) 100vw, 1024px\" \/><\/figure>\n\n\n\n<figure class=\"wp-block-image size-large\"><img data-recalc-dims=\"1\" loading=\"lazy\" decoding=\"async\" width=\"1024\" height=\"906\" data-id=\"5491\" src=\"https:\/\/i0.wp.com\/www.dreammedia.es\/blog\/wp-content\/uploads\/arte-final-folleto-03.jpg?resize=1024%2C906&#038;ssl=1\" alt=\"\" class=\"wp-image-5491\" srcset=\"https:\/\/i0.wp.com\/www.dreammedia.es\/blog\/wp-content\/uploads\/arte-final-folleto-03.jpg?resize=1024%2C906&amp;ssl=1 1024w, https:\/\/i0.wp.com\/www.dreammedia.es\/blog\/wp-content\/uploads\/arte-final-folleto-03.jpg?resize=300%2C265&amp;ssl=1 300w, https:\/\/i0.wp.com\/www.dreammedia.es\/blog\/wp-content\/uploads\/arte-final-folleto-03.jpg?resize=768%2C679&amp;ssl=1 768w, https:\/\/i0.wp.com\/www.dreammedia.es\/blog\/wp-content\/uploads\/arte-final-folleto-03.jpg?w=1535&amp;ssl=1 1535w\" sizes=\"auto, (max-width: 1024px) 100vw, 1024px\" \/><\/figure>\n\n\n\n<figure class=\"wp-block-image size-large\"><img data-recalc-dims=\"1\" loading=\"lazy\" decoding=\"async\" width=\"1024\" height=\"906\" data-id=\"5490\" src=\"https:\/\/i0.wp.com\/www.dreammedia.es\/blog\/wp-content\/uploads\/arte-final-folleto-02.jpg?resize=1024%2C906&#038;ssl=1\" alt=\"\" class=\"wp-image-5490\" srcset=\"https:\/\/i0.wp.com\/www.dreammedia.es\/blog\/wp-content\/uploads\/arte-final-folleto-02.jpg?resize=1024%2C906&amp;ssl=1 1024w, https:\/\/i0.wp.com\/www.dreammedia.es\/blog\/wp-content\/uploads\/arte-final-folleto-02.jpg?resize=300%2C265&amp;ssl=1 300w, https:\/\/i0.wp.com\/www.dreammedia.es\/blog\/wp-content\/uploads\/arte-final-folleto-02.jpg?resize=768%2C679&amp;ssl=1 768w, https:\/\/i0.wp.com\/www.dreammedia.es\/blog\/wp-content\/uploads\/arte-final-folleto-02.jpg?w=1535&amp;ssl=1 1535w\" sizes=\"auto, (max-width: 1024px) 100vw, 1024px\" \/><\/figure>\n\n\n\n<figure class=\"wp-block-image size-large\"><img data-recalc-dims=\"1\" loading=\"lazy\" decoding=\"async\" width=\"1024\" height=\"906\" data-id=\"5489\" src=\"https:\/\/i0.wp.com\/www.dreammedia.es\/blog\/wp-content\/uploads\/arte-final-folleto-01.jpg?resize=1024%2C906&#038;ssl=1\" alt=\"\" class=\"wp-image-5489\" srcset=\"https:\/\/i0.wp.com\/www.dreammedia.es\/blog\/wp-content\/uploads\/arte-final-folleto-01.jpg?resize=1024%2C906&amp;ssl=1 1024w, https:\/\/i0.wp.com\/www.dreammedia.es\/blog\/wp-content\/uploads\/arte-final-folleto-01.jpg?resize=300%2C265&amp;ssl=1 300w, https:\/\/i0.wp.com\/www.dreammedia.es\/blog\/wp-content\/uploads\/arte-final-folleto-01.jpg?resize=768%2C679&amp;ssl=1 768w, https:\/\/i0.wp.com\/www.dreammedia.es\/blog\/wp-content\/uploads\/arte-final-folleto-01.jpg?w=1535&amp;ssl=1 1535w\" sizes=\"auto, (max-width: 1024px) 100vw, 1024px\" \/><\/figure>\n\n\n\n<figure class=\"wp-block-image size-large\"><img data-recalc-dims=\"1\" loading=\"lazy\" decoding=\"async\" width=\"596\" height=\"842\" data-id=\"5488\" src=\"https:\/\/i0.wp.com\/www.dreammedia.es\/blog\/wp-content\/uploads\/FEDAC-2014-02.jpg?resize=596%2C842&#038;ssl=1\" alt=\"\" class=\"wp-image-5488\" srcset=\"https:\/\/i0.wp.com\/www.dreammedia.es\/blog\/wp-content\/uploads\/FEDAC-2014-02.jpg?w=596&amp;ssl=1 596w, https:\/\/i0.wp.com\/www.dreammedia.es\/blog\/wp-content\/uploads\/FEDAC-2014-02.jpg?resize=212%2C300&amp;ssl=1 212w\" sizes=\"auto, (max-width: 596px) 100vw, 596px\" \/><\/figure>\n\n\n\n<figure class=\"wp-block-image size-large\"><img data-recalc-dims=\"1\" loading=\"lazy\" decoding=\"async\" width=\"1024\" height=\"576\" data-id=\"5487\" src=\"https:\/\/i0.wp.com\/www.dreammedia.es\/blog\/wp-content\/uploads\/10900204_1042522009097467_245583514763797396_o.jpg?resize=1024%2C576&#038;ssl=1\" alt=\"\" class=\"wp-image-5487\" srcset=\"https:\/\/i0.wp.com\/www.dreammedia.es\/blog\/wp-content\/uploads\/10900204_1042522009097467_245583514763797396_o.jpg?resize=1024%2C576&amp;ssl=1 1024w, https:\/\/i0.wp.com\/www.dreammedia.es\/blog\/wp-content\/uploads\/10900204_1042522009097467_245583514763797396_o.jpg?resize=300%2C169&amp;ssl=1 300w, https:\/\/i0.wp.com\/www.dreammedia.es\/blog\/wp-content\/uploads\/10900204_1042522009097467_245583514763797396_o.jpg?resize=768%2C432&amp;ssl=1 768w, https:\/\/i0.wp.com\/www.dreammedia.es\/blog\/wp-content\/uploads\/10900204_1042522009097467_245583514763797396_o.jpg?w=1032&amp;ssl=1 1032w\" sizes=\"auto, (max-width: 1024px) 100vw, 1024px\" \/><\/figure>\n<\/figure>\n\n\n\n<figure class=\"wp-block-embed is-type-video is-provider-youtube wp-block-embed-youtube wp-embed-aspect-16-9 wp-has-aspect-ratio\"><div class=\"wp-block-embed__wrapper\">\n<iframe loading=\"lazy\" title=\"XIX Feria Insular de Artesan\u00eda de Gran Canaria - Enero 2014\" width=\"720\" height=\"405\" src=\"https:\/\/www.youtube.com\/embed\/hNK9J7Z9AN0?feature=oembed\" frameborder=\"0\" allow=\"accelerometer; autoplay; clipboard-write; encrypted-media; gyroscope; picture-in-picture; web-share\" referrerpolicy=\"strict-origin-when-cross-origin\" allowfullscreen><\/iframe>\n<\/div><\/figure>\n\n\n\n<figure class=\"wp-block-embed is-type-video is-provider-youtube wp-block-embed-youtube wp-embed-aspect-16-9 wp-has-aspect-ratio\"><div class=\"wp-block-embed__wrapper\">\n<iframe loading=\"lazy\" title=\"&#039;Esta Navidad Regala Gran Canaria&#039; Feria de Artesan\u00eda de San Telmo\" width=\"720\" height=\"405\" src=\"https:\/\/www.youtube.com\/embed\/6XD3_tdzbGY?feature=oembed\" frameborder=\"0\" allow=\"accelerometer; autoplay; clipboard-write; encrypted-media; gyroscope; picture-in-picture; web-share\" referrerpolicy=\"strict-origin-when-cross-origin\" allowfullscreen><\/iframe>\n<\/div><\/figure>\n<span class=\"kt-load-after-post\"><\/span>","protected":false},"excerpt":{"rendered":"<p>Campa\u00f1a gr\u00e1fica, TV y radio para la Fundaci\u00f3n para la Etnograf\u00eda y el Desarrollo de la Artesan\u00eda Canaria (Fedac).<\/p>\n","protected":false},"author":1,"featured_media":5488,"comment_status":"open","ping_status":"open","sticky":false,"template":"","format":"standard","meta":{"_kad_blocks_custom_css":"","_kad_blocks_head_custom_js":"","_kad_blocks_body_custom_js":"","_kad_blocks_footer_custom_js":"","advanced_seo_description":"","jetpack_seo_html_title":"","jetpack_seo_noindex":false,"_kadence_starter_templates_imported_post":false,"_kad_post_transparent":"","_kad_post_title":"","_kad_post_layout":"","_kad_post_sidebar_id":"","_kad_post_content_style":"","_kad_post_vertical_padding":"","_kad_post_feature":"","_kad_post_feature_position":"","_kad_post_header":false,"_kad_post_footer":false,"_jetpack_memberships_contains_paid_content":false,"footnotes":""},"categories":[13],"tags":[],"class_list":["post-5486","post","type-post","status-publish","format-standard","has-post-thumbnail","hentry","category-dream-media"],"featured_image_src":"https:\/\/i0.wp.com\/www.dreammedia.es\/blog\/wp-content\/uploads\/FEDAC-2014-02.jpg?fit=596%2C842&ssl=1","author_info":{"display_name":"Dream media","author_link":"https:\/\/www.dreammedia.es\/blog\/author\/morenoangulo\/"},"taxonomy_info":{"category":[{"value":13,"label":"Dream media"}]},"featured_image_src_large":["https:\/\/i0.wp.com\/www.dreammedia.es\/blog\/wp-content\/uploads\/FEDAC-2014-02.jpg?fit=596%2C842&ssl=1",596,842,true],"comment_info":0,"category_info":[{"term_id":13,"name":"Dream media","slug":"dream-media","term_group":0,"term_taxonomy_id":13,"taxonomy":"category","description":"","parent":0,"count":273,"filter":"raw","cat_ID":13,"category_count":273,"category_description":"","cat_name":"Dream media","category_nicename":"dream-media","category_parent":0}],"tag_info":false,"jetpack_featured_media_url":"https:\/\/i0.wp.com\/www.dreammedia.es\/blog\/wp-content\/uploads\/FEDAC-2014-02.jpg?fit=596%2C842&ssl=1","jetpack-related-posts":[{"id":1912,"url":"https:\/\/www.dreammedia.es\/blog\/feria-de-artesania-faro-de-maspalomas-2\/","url_meta":{"origin":5486,"position":0},"title":"Feria de artesan\u00eda &#8211; Faro de Maspalomas","author":"Dream media","date":"","format":false,"excerpt":"Campa\u00f1a para la Fundaci\u00f3n para la Etnograf\u00eda y el Desarrollo de la Artesan\u00eda Canaria (Fedac), que celebr\u00f3 del 28 de febrero al 9 de marzo, la cuarta edici\u00f3n de la Feria de Artesan\u00eda Primavera Sur 2014 en la explanada del Faro de Maspalomas que se convirti\u00f3 durante esos d\u00edas en\u2026","rel":"","context":"En \u00abDream media\u00bb","block_context":{"text":"Dream media","link":"https:\/\/www.dreammedia.es\/blog\/category\/dream-media\/"},"img":{"alt_text":"","src":"https:\/\/i0.wp.com\/www.dreammedia.es\/blog\/wp-content\/uploads\/c5a3d-facebook-news.jpg?fit=500%2C500&ssl=1&resize=350%2C200","width":350,"height":200},"classes":[]},{"id":881,"url":"https:\/\/www.dreammedia.es\/blog\/esta-navidad-regala-gran-canaria\/","url_meta":{"origin":5486,"position":1},"title":"Esta navidad regala Gran Canaria","author":"Dream media","date":"","format":false,"excerpt":"Dream media ha sido responsable de la Feria de artesan\u00eda de Gran Canaria 2013, tanto en la estrategia de marketing, dise\u00f1o, producci\u00f3n y difusi\u00f3n. Campa\u00f1a TV https:\/\/youtu.be\/Fj-mWzXxG9s?si=GLsd5buk3l78D4Xd Piezas Gr\u00e1ficas Noticias publicadas: http:\/\/www.canariasahora.es\/ http:\/\/www.canarias7.es\/ http:\/\/www.europapress.es\/ http:\/\/www.laprovincia.es http:\/\/lavozdetenerife.com http:\/\/www.grancanariatv.com\/ http:\/\/www.teldeactualidad.com http:\/\/www.canal4tvtelde.es http:\/\/www.elperiodicodecanarias.es http:\/\/www.universocanario.com http:\/\/www.nuestrasislascanarias.es http:\/\/www.antena3.com","rel":"","context":"En \u00abDream media\u00bb","block_context":{"text":"Dream media","link":"https:\/\/www.dreammedia.es\/blog\/category\/dream-media\/"},"img":{"alt_text":"","src":"https:\/\/i0.wp.com\/www.dreammedia.es\/blog\/wp-content\/uploads\/496b6-facebook-cabecera-01.jpg?resize=350%2C200&ssl=1","width":350,"height":200,"srcset":"https:\/\/i0.wp.com\/www.dreammedia.es\/blog\/wp-content\/uploads\/496b6-facebook-cabecera-01.jpg?resize=350%2C200&ssl=1 1x, https:\/\/i0.wp.com\/www.dreammedia.es\/blog\/wp-content\/uploads\/496b6-facebook-cabecera-01.jpg?resize=525%2C300&ssl=1 1.5x, https:\/\/i0.wp.com\/www.dreammedia.es\/blog\/wp-content\/uploads\/496b6-facebook-cabecera-01.jpg?resize=700%2C400&ssl=1 2x"},"classes":[]},{"id":1480,"url":"https:\/\/www.dreammedia.es\/blog\/esto-es-gran-canaria\/","url_meta":{"origin":5486,"position":2},"title":"Esto es Gran Canaria","author":"Dream media","date":"","format":false,"excerpt":"Campa\u00f1a del Cabildo de Gran Canaria en diferentes idiomas para mostrar como es la Isla de Gran Canaria Espa\u00f1ol https:\/\/youtu.be\/owzG3s5WuMY?si=N1CwPspwPZ49o6be Ingles https:\/\/youtu.be\/XRV2YmeBdnA?si=MEjmrBWtDOdKzG6C Chino https:\/\/youtu.be\/Ua8DWZIjEyg?si=ehpRKL_XutAiU6iu","rel":"","context":"En \u00abDream media\u00bb","block_context":{"text":"Dream media","link":"https:\/\/www.dreammedia.es\/blog\/category\/dream-media\/"},"img":{"alt_text":"","src":"https:\/\/i0.wp.com\/img.youtube.com\/vi\/owzG3s5WuMY\/0.jpg?resize=350%2C200","width":350,"height":200},"classes":[]},{"id":1107,"url":"https:\/\/www.dreammedia.es\/blog\/herbalife-gran-canaria\/","url_meta":{"origin":5486,"position":3},"title":"Club Baloncesto Gran Canaria","author":"Dream media","date":"","format":false,"excerpt":"Patrocinamos al Herbalife Gran Canaria y producimos el sonido de todas sus campa\u00f1as publicitarias, tanto en radio como en televisi\u00f3n. https:\/\/youtu.be\/pdG9SJxxD_g?feature=shared https:\/\/youtu.be\/JOLxZBAblws?feature=shared https:\/\/youtu.be\/K--rnDo8R4I?feature=shared","rel":"","context":"En \u00abDream media\u00bb","block_context":{"text":"Dream media","link":"https:\/\/www.dreammedia.es\/blog\/category\/dream-media\/"},"img":{"alt_text":"","src":"https:\/\/i0.wp.com\/www.dreammedia.es\/blog\/wp-content\/uploads\/GRANCA.png?fit=1160%2C928&ssl=1&resize=350%2C200","width":350,"height":200,"srcset":"https:\/\/i0.wp.com\/www.dreammedia.es\/blog\/wp-content\/uploads\/GRANCA.png?fit=1160%2C928&ssl=1&resize=350%2C200 1x, https:\/\/i0.wp.com\/www.dreammedia.es\/blog\/wp-content\/uploads\/GRANCA.png?fit=1160%2C928&ssl=1&resize=525%2C300 1.5x, https:\/\/i0.wp.com\/www.dreammedia.es\/blog\/wp-content\/uploads\/GRANCA.png?fit=1160%2C928&ssl=1&resize=700%2C400 2x, https:\/\/i0.wp.com\/www.dreammedia.es\/blog\/wp-content\/uploads\/GRANCA.png?fit=1160%2C928&ssl=1&resize=1050%2C600 3x"},"classes":[]},{"id":714,"url":"https:\/\/www.dreammedia.es\/blog\/centenario-cabildo-de-gran-canaria\/","url_meta":{"origin":5486,"position":4},"title":"Centenario Cabildo de Gran Canaria","author":"Dream media","date":"","format":false,"excerpt":"Nueva campa\u00f1a del Cabildo de Gran Canaria para la celebraci\u00f3n de su centenario. www.cabildodegrancanaria100.es https:\/\/youtu.be\/pGLWG1r_5W0?si=cikfsvxsGYeLKpbR https:\/\/youtu.be\/GavkBi0GdCw?si=GavkBi0GdCw https:\/\/youtu.be\/OAQCQF96kqc?si=W5Ozkc95_aYPNeFP Making of https:\/\/www.youtube.com\/watch?v=N03dQlfg51U","rel":"","context":"En \u00abDream media\u00bb","block_context":{"text":"Dream media","link":"https:\/\/www.dreammedia.es\/blog\/category\/dream-media\/"},"img":{"alt_text":"","src":"https:\/\/i0.wp.com\/www.dreammedia.es\/blog\/wp-content\/uploads\/82782-cabildo.jpg?fit=913%2C429&ssl=1&resize=350%2C200","width":350,"height":200,"srcset":"https:\/\/i0.wp.com\/www.dreammedia.es\/blog\/wp-content\/uploads\/82782-cabildo.jpg?fit=913%2C429&ssl=1&resize=350%2C200 1x, https:\/\/i0.wp.com\/www.dreammedia.es\/blog\/wp-content\/uploads\/82782-cabildo.jpg?fit=913%2C429&ssl=1&resize=525%2C300 1.5x, https:\/\/i0.wp.com\/www.dreammedia.es\/blog\/wp-content\/uploads\/82782-cabildo.jpg?fit=913%2C429&ssl=1&resize=700%2C400 2x"},"classes":[]},{"id":5406,"url":"https:\/\/www.dreammedia.es\/blog\/godskitchen-gran-canaria\/","url_meta":{"origin":5486,"position":5},"title":"Godskitchen Gran Canaria","author":"Dream media","date":"","format":false,"excerpt":"Producci\u00f3n de la campa\u00f1a y del evento. https:\/\/youtu.be\/loqGvXgrtNg https:\/\/youtu.be\/22LB-Jrcm_w?si=u-t6WYmDCO7u4Ke4 https:\/\/youtu.be\/StaEaw45LUI?si=6mlodTRXbXibnW0t","rel":"","context":"En \u00abDream media\u00bb","block_context":{"text":"Dream media","link":"https:\/\/www.dreammedia.es\/blog\/category\/dream-media\/"},"img":{"alt_text":"","src":"https:\/\/i0.wp.com\/www.dreammedia.es\/blog\/wp-content\/uploads\/hqdefault-3.jpg?fit=480%2C360&ssl=1&resize=350%2C200","width":350,"height":200},"classes":[]}],"jetpack_sharing_enabled":true,"_links":{"self":[{"href":"https:\/\/www.dreammedia.es\/blog\/wp-json\/wp\/v2\/posts\/5486","targetHints":{"allow":["GET"]}}],"collection":[{"href":"https:\/\/www.dreammedia.es\/blog\/wp-json\/wp\/v2\/posts"}],"about":[{"href":"https:\/\/www.dreammedia.es\/blog\/wp-json\/wp\/v2\/types\/post"}],"author":[{"embeddable":true,"href":"https:\/\/www.dreammedia.es\/blog\/wp-json\/wp\/v2\/users\/1"}],"replies":[{"embeddable":true,"href":"https:\/\/www.dreammedia.es\/blog\/wp-json\/wp\/v2\/comments?post=5486"}],"version-history":[{"count":3,"href":"https:\/\/www.dreammedia.es\/blog\/wp-json\/wp\/v2\/posts\/5486\/revisions"}],"predecessor-version":[{"id":5502,"href":"https:\/\/www.dreammedia.es\/blog\/wp-json\/wp\/v2\/posts\/5486\/revisions\/5502"}],"wp:featuredmedia":[{"embeddable":true,"href":"https:\/\/www.dreammedia.es\/blog\/wp-json\/wp\/v2\/media\/5488"}],"wp:attachment":[{"href":"https:\/\/www.dreammedia.es\/blog\/wp-json\/wp\/v2\/media?parent=5486"}],"wp:term":[{"taxonomy":"category","embeddable":true,"href":"https:\/\/www.dreammedia.es\/blog\/wp-json\/wp\/v2\/categories?post=5486"},{"taxonomy":"post_tag","embeddable":true,"href":"https:\/\/www.dreammedia.es\/blog\/wp-json\/wp\/v2\/tags?post=5486"}],"curies":[{"name":"wp","href":"https:\/\/api.w.org\/{rel}","templated":true}]}}