{"id":650,"date":"2011-10-04T12:49:21","date_gmt":"2011-10-04T12:49:21","guid":{"rendered":"http:\/\/www.grupodm.tv\/?p=650"},"modified":"2024-05-12T10:49:01","modified_gmt":"2024-05-12T10:49:01","slug":"la-publicidad-en-canarias-iii","status":"publish","type":"post","link":"https:\/\/www.dreammedia.es\/blog\/la-publicidad-en-canarias-iii\/","title":{"rendered":"La publicidad en Canarias (III)"},"content":{"rendered":"<p><img data-recalc-dims=\"1\" loading=\"lazy\" decoding=\"async\" class=\"alignnone size-full wp-image-841 aligncenter\" src=\"http:\/\/javierangulom.files.wordpress.com\/2019\/07\/7e17e-images-1.jpeg?resize=292%2C173\" alt=\"images\" width=\"292\" height=\"173\" \/><\/p>\n<p>Desde el cluster de comunicacion y Marketing, pusimos en marcha hace unos a\u00f1os los premios las iniciativas con una gran respuesta de empresas y profesionales del sector de las islas, pero quiero refrescarles las memoria a aquellos que lo pudieron vivir y compartir aquellos primeros premios de publicidad al cual bautizamos como <strong>VULCAN<\/strong>.<\/p>\n<p><!--more--><\/p>\n<p>Pepe Paiz y un servidor, se nos fue la perola y nos echamos el mundo por montera al plantearnos organizar los primeros premios de la publicidad y comunicaci\u00f3n de las islas, en un entorno complicado y de bastante rivalidad entre agencias y medios. En 1994 a\u00f1o de su celebraci\u00f3n exist\u00edan tres grandes agencias que compet\u00edan entre si por captar las grandes campa\u00f1as y cuentas. <strong>Atlantis, BSB y Extra<\/strong> eran agencias con gran estructura y peso en el sector. Nuestra primera misi\u00f3n fue sentar en la misma mesa a sus responsables, y as\u00ed lo hicimos un mes antes de los premios, en el plat\u00f3 de Paiz reunimos por primera vez a los tres grandes, <strong>Alberto Cabr\u00e9, Felipe Hernandez y Agust\u00edn Manzano<\/strong>. Todos llegaron a su hora y nos sorprendi\u00f3 la predisposici\u00f3n, las ganas y el entusiasmo con el que recibieron nuestra arriesgada propuesta de realizar los primeros premios de la publicidad\u00a0y comunicaci\u00f3n\u00a0de las islas, los Vulcan.<\/p>\n<p>La segunda misi\u00f3n fue convencer a <strong>TVE<\/strong>, gran ministerio y estamento para que se animase a competir con su reciente rival <strong>Antena3TV<\/strong>. La sorpresa fue may\u00fascula cuando aceptaron y pudimos acercarnos a la ultima planta del Bardinos para cerrarlo con el desaparecido\u00a0<strong>Jos\u00e9 A. Jimenez<\/strong> director de la cadena en las islas.<\/p>\n<p>El siguiente paso fue sentarnos con las emisoras de radio y peri\u00f3dicos ya que nuestra intenci\u00f3n era que deb\u00edan estar todos y conseguir su apoyo, fuese el que fuese.<\/p>\n<p>Al final todas las piezas se unieron y todo el sector implicado en la publicidad\u00a0y comunicaci\u00f3n\u00a0estaba ilusionado y con ganas de reunirse con la disculpa de los premios Vulcan.<\/p>\n<p>Ten\u00edamos campa\u00f1a publicitaria, bajo el lema \u00ab<strong>POR UN D\u00cdA, NO NOS VAMOS A COMER, NOS VAMOS A CENAR<\/strong>\u00bb ten\u00edamos m\u00fasica original, ten\u00edamos la obra de arte original dise\u00f1ada por <strong>Pascual Mota<\/strong>, ten\u00edamos a la pareja de presentadores mas famosa del momento, Paco y Greg de <strong>Piedra Pomez<\/strong>, ten\u00edamos fecha y el sal\u00f3n Palmeras del Hotel Santa Catalina. Nos faltaba el patrocinador, as\u00ed que <strong>Juan Carlos Serrano<\/strong> Director de Gallaguer en las islas apost\u00f3 por el proyecto y nos ayudo con la marca <strong>Silk Cut<\/strong> pagando el coste de la producci\u00f3n de los premios de Pascual Mota que entregar\u00edamos esa noche.<\/p>\n<p>Ahora ten\u00edamos que poner en marcha la maquinaria de elegir a los candidatos, la formula no fue perfecta pero funcion\u00f3. Las agencias nos dieron sus campa\u00f1as y las entregaron en papel pluma la gr\u00e1fica, en vhs los spots y en cinta de bobina de 3 1\/2 la radio. Los medios fueron los responsables de decidir quienes eran los ganadores, recuerdo subir en el ascensor de los barcinos en tres viajes para que la redacci\u00f3n de Antena 3 pudiese votar, y as\u00ed por todas las radios, peri\u00f3dicos y por supuesto TVE.<\/p>\n<p>Las agencias ten\u00edan que decidir cuales eran los mejores programas de Tv y radio, as\u00ed como que profesionales deb\u00edan llevarse el Vulcan. Con una epson de inyecci\u00f3n hicimos unas cartulinas donde pod\u00edan votar a sus preferidos. Fue una semana intensa de viajes entre agencias y medios para poder captar sus votos, ya que internet como que no daba para tanto por aquel 1994.<\/p>\n<p>50 profesionales del sector de la publicidad de empresas como EXTRA,MACRO, INTERNACIONAL UP, CREACIONES GRAFICAS, ML, ASOCIADOS, J.J.VIDRIALES, SUNICOLOR, FOTOMECANICA CANARIA,\u00a0MULTIEKKO, ATLANTIS, THIS WAY, SILUETA&#8217;S, MONOGRAMA y BSB, votaron a las 436 candidaturas en la secci\u00f3n de comunicacion.<\/p>\n<p><strong>CAMARAS DE TV<\/strong> 8 candidatos, CRISTINA MENDOZA, FERNANDO OJEDA, JOS\u00c9 RODR\u00cdGUEZ y SERGIO RODR\u00cdGUEZ de Antena 3 TV junto con JUAN CARRANZA, JUAN ANTONIO CUBAS, JUAN RAMON GOMEZ y VIDAL GONZALEZ de TVE.<\/p>\n<p><strong>PRESENTADR\/a DE TV <\/strong>14 candidatos, CARLOS CASTILLA, FRANCISCO MORENO, JOS\u00c9 ALBERTO HERNANDEZ, JOS\u00c9 MANUEL PITTI, JOS\u00c9 MART\u00cdN RAMOS, JUAN JES\u00daS GONZ\u00c1LEZ, MARIAN RODR\u00cdGUEZ, MARY CARMEN ALEM\u00c1N, MARY CARMEN IZA, MERCEDES ORTEGA, MIGUEL GONZ\u00c1LEZ y MONICA GONZ\u00c1LEZ de TVE y de Antena 3 TV, CARMEN ROSA MOLINA y JOS\u00c9 LUIS DOM\u00cdNGUEZ.<\/p>\n<p><strong>PROGRAMAS DE TV<\/strong>16 candidaturas, CANARIAS A FONDO, FLORA CANARIA y NOTICIAS CANARIAS de Antena 3 TV y A TODA VELA, CADA MA\u00d1ANA, CAMPUS, CANARIAS SEMANAL, ENR\u00d3LLATE, GRAN FIESTA DE LA M\u00daSICA CANARIA, HORA DE VISITA, LA LUCHADA, MARCADOR CANARIO, SENDEROS ISLE\u00d1OS, TAIFA Y CANDIL, TELECANARIAS y TREINTA A\u00d1OS HACIENDO REGI\u00d3N de TVE.<\/p>\n<p><strong>FOTOGRAFOS PRENSA<\/strong> 13 candidatos, ADOLFO MARRERO, ARCADIO SUAREZ, C\u00c1NDIDO QUESADA, ELADIO ESPINO, FERNANDO OJEDA, GERARDO MONTESDEOCA, JOS\u00c9 JES\u00daS P\u00c9REZ, JUAN CASTRO,JUAN GREGORIO HERNANDEZ, JUAN RAFAEL,JUAN SANTANA,OSCAR JIM\u00c9NEZ y TINO ARMAS<\/p>\n<p><strong>SECCIONES DE PRENSA <\/strong>59 candidaturas,AGENDA, COMUNIDAD AUT\u00d3NOMA, DEPORTES, ECONOM\u00cdA Y EMPLEO, LAS PALMAS DE GR., LECTORES, LINEA DIRECTA, NACIONAL\/INTERNACIONAL, OPINI\u00d3N, QUE SE SEPA, REGI\u00d3N, SOCIEDAD Y CULTURA, SUCESOS, TELEVISI\u00d3N y TEMA DEL D\u00cdA de Canarias 7 y A TUMBO, \u00c1REA CABILDO INSULAR, \u00c1REA COMUNIDAD AUT., \u00c1REA ECONOM\u00cdA, \u00c1REA EDUCACI\u00d3N, \u00c1REA LABORAL, \u00c1REA LAS PALMA S DE G.C., \u00c1REA POL\u00cdTICA, \u00c1REA PUERTO, \u00c1REA REGI\u00d3N, \u00c1REA REPORTAJES, \u00c1REA SANIDAD, \u00c1REA SOCIAL, \u00c1REA SUCESOS, \u00c1REA TRIBUNALES, \u00c1REA UNIVERSIDAD, ARTE, CANARIOS POPULARES, CARTEL DE LAS ARTES Y LAS LETRAS, COROLARIO, DEPORTES, \u00c9CHALE HILO A LA COMETA, EL CAMPO, EL LABERINTO DE LAS HADAS, EL PATIO DE MI CASA, LA RENDIJA, MEDIO AMBIENTE, MEMORIAL PARA UN FIN DE SIGLO, PALABRAS PARA ANARDA, SUPLEMENTO FIN DE SEMANA, TORRE DEL VIENTO, TORRES DE MARFIL, CULTURA, DEPORTES, ECONOM\u00cdA Y LABORAL, INTERNACIONAL, LOCAL, NACIONAL, OPINI\u00d3N, POL\u00cdTICA, RADIO\/ TELEVISI\u00d3N, REGI\u00d3N, SOCIEDAD y SUCESOS de Editorial Prensa Canaria.<\/p>\n<p><strong>REDACTOR DE PRENSA<\/strong> 114 candidatos.ADOLFO SANTANA, ALEXIS GONZ\u00c1LEZ, ALFONSO O\u00b4SHANAHAN, ALMUDENA S\u00c1NCHEZ, AMADO MORENO, ANA M\u00aa SUTIL, ANDR\u00c9S HERNANDEZ , ANDR\u00c9S PE\u00d1A, \u00c1NGEL TRIST\u00c1N, ANGELA MERINO, \u00c1NGELES ARENCIBIA, ANIBAL RAM\u00cdREZ, ANTONIO CRUZ, ANTONIO F. DE LA G\u00c1NDARA, ANTONIO GONZ\u00c1LEZ, ANTONIO QUINTANA, ANTONIO S\u00c1NCHEZ, AQUILINO SAAVEDRA, ARMANDO ROMERO, BLANCA ESTHER OLIVER, CARMELO AROCHA, CARMELO SUAREZ, CARMEN MERINO, CARMEN SANTANA, CHARO ORGAZ, CONCEPCI\u00d3N D\u00cdAZ, CRIST\u00d3BAL RODR\u00cdGUEZ, DAVID HATCHUELL, DELIA JIM\u00c9NEZ, DIEGO HERNANDEZ, DUNIA E. TORRES, ESPERANZA PAMPLONA, FEDERICO GONZ\u00c1LEZ, FERNANDO BERENGUER, FERNANDO RAM\u00cdREZ, FLORENCIA TEJERA, FRANCISCO CARDENES, FRANCISCO CHAVANEL, FRANCISCO J. PARRAS, FRANCISCO SUAREZ, FRANCISCO UBEDA, GABRIEL SUAREZ, GONZALO HERNANDEZ, GUILLERMO MEDINA, INOCENCIA VEGA, JAVIER DURAN, JAVIER L\u00d3PEZ, JES\u00daS MONTESDEOCA, JORGE A. LIRIA, JORGE BATISTA, JORGE SANTANA, JOS\u00c9 AGUILAR, JOS\u00c9 BARRERA, JOS\u00c9 GONZ\u00c1LEZ, JOS\u00c9 HERNANDEZ, JOS\u00c9 LUIS L\u00d3PEZ, JOS\u00c9 MANUEL BALBUENA, JOS\u00c9 MANUEL GARCIA, JOS\u00c9 MAURICIO RODR\u00cdGUEZ, JOS\u00c9 MEDINA, JOS\u00c9 MIGUEL MUJICA, JOS\u00c9 MIGUEL SANTANA, JOS\u00c9 RIVERO, JOS\u00c9 VICENTE GARCIA, JUAN FCO. FONTE, JUAN JIM\u00c9NEZ, JUAN JOS\u00c9 JIM\u00c9NEZ, JUAN N. CRUZ, JULIO RODR\u00cdGUEZ, LAUREANO P\u00c9REZ, LUIS SOCORRO, M\u00aa DEL \u00a0PILAR ROSARIO, M\u00aa DEL MAR SANTANA, M\u00aa DEL PINO P\u00c9REZ, M\u00aa DEL ROSARIO CARDENAL, M\u00aa DOLORES SANTANA, M\u00aa ISABEL RODR\u00cdGUEZ, M\u00aa JOS\u00c9 PALLARES, M\u00aa MAGALY MIRANDA, M\u00aa PAZ BERNAL, MANUEL BORREGO, MANUEL MEDEROS, MANUEL PADORNO, MARISOL AYALA, MARTA CANTERO, MART\u00cdN MACHO, MART\u00cdN MARRERO, MICHEL JORGE MILLARES, MIGUEL BARRERA, MIGUEL GUEDEZ, MIGUEL JIM\u00c9NEZ, MIGUEL LUIS BARRERA, ORLANDO HERNANDEZ, PALOMA HERRERO, PEDRO GARCIA, PEDRO HERNANDEZ, RAFAEL FRANQUELO, RAFAEL GONZ\u00c1LEZ, RAFAEL MORALES, RAFAEL REYES, RAM\u00d3N P\u00c9REZ, RICARDO P\u00c9REZ, RODRIGO GARCIA, RUBEN ACOSTA, SEBASTI\u00c1N QUINTANA, SERGIO S\u00c1NCHEZ, SORAYA DENIZ, TERESA CARDENES, TERESA GARCIA, VICENTE LLORCA, V\u00cdCTOR RAM\u00cdREZ, V\u00cdCTOR RASTRILLA, V\u00cdCTOR RODR\u00cdGUEZ y ZACARIAS LONE.<\/p>\n<p><strong>LOCUTORES DE RADIO<\/strong> 38 candidatos, AGUST\u00cdN PADR\u00d3N, ALFREDO VOLPINI, ANTONIO DOM\u00cdNGUEZ, ANTONIO MIGUEL P\u00c9REZ, CARLOS SANTANA, CARMELO MENDEZ, DOMINGO RODR\u00cdGUEZ, DULCE M\u00aa FACUNDO, ESTHER BELL, FLORA MART\u00cdN, FLORENTINO L\u00d3PEZ, GREGORIO GUERRA, HILDA SCHRAUTH, INMACULADA MELIAN, iSAIAS SANTANA, JORGE HERNANDEZ, JORGE SANTANA, JOS\u00c9 JAVIER LORENZO, JOS\u00c9 LUIS D\u00cdAZ, JOS\u00c9 LUIS SUAREZ, JOSE M.GONZALO, JOS\u00c9 RODR\u00cdGUEZ, JUAN GARCIA LUJAN, JUAN SANTANA, LUCAS SEGURA, M\u00aa CARMEN FLEITAS, M\u00aa DEL PINO GONZ\u00c1LEZ, M\u00aaENMA HERNANDEZ, MANOLO GARC\u00cdA, MANOLO VEGA, NURIA MAGRANS, PEPE GONZ\u00c1LEZ, ROSI MORERA, SANTIAGO ALONSO, SANTIAGO G. RAMOS, SEBASTI\u00c1N L\u00d3PEZ, SEBASTI\u00c1N RODR\u00cdGUEZ y VIOLETA MACIAS<\/p>\n<p><strong>PROGRAMAS DE RADIO <\/strong>38 candidaturas. 40 on ER, A CHIRONA, A TRAV\u00c9S DE LA ISLA, ACTUALIDAD CANARIA, AL SON DEL CARIBE, CANARIAS A 100, CANARIAS MI AMOR, CARNAVAL CANARIO, CARRUSEL DEPORTIVO LOCAL, CLUB DE LA TARDE, CUANDO SUENAN LAS CAMPANAS, CUENTA ATRAS, DEPORTIVO LOCAL, EL BAZAR, ESKUELA DE KALOR, FORMULA LOCAL CADENA 100, FORMULA LOCAL CADENA 40, FORMULA LOCAL CADENA DIAL, FORMULA LOCAL CADENA M 80, HOY POR HOY INFORMATIVO LOCAL, HOY POR HOY MAGAZINE LOCAL, INFORMATIVO HORA 14 LOCAL, INFORMATIVO HORA 20 LOCAL, MATINAL LOCAL, MAXIMENIA, MUSIC DANCE, ONDA DEPORTIVA, RADIO DEPORTE, RETRANS.ESPECIAL ENC.TERESA DE BOL\u00cdVAR, RETRANS.ESPECIAL VOLEIBOL RUMANIA, RETRANS.ESPECIALES FIESTAS POPULARES, SERVICIOS INFORMATIVOS de radio \u00a0Canarias, SIGLO XX CON PERD\u00d3N, SURCOS, TAGOROR, TERTULIA<\/p>\n<p>Y 51 profesionales del sector de la comunicacion de empresas como ANTENA 3 T.V., CANAL 28, CANARIAS 7, M 80, PRENSA CANARIA, RADIO LAS PALMAS, RADIO CANARIAS, ONDA CERO RADIO Y TVE,\u00a0votaron a las 136 candidaturas en la secci\u00f3n de publicidad.<\/p>\n<p><strong>ANUNCIOS DE PRENSA<\/strong>, 54 piezas de las agencias Atlantis, Extra, BSB y Mongrama.\u00a0<span style=\"font-family:Arial;\">BENDITAS OBRAS-AY.LAS PALMAS, BOTELLA,PALMERA,SOL-100 PIPPERS (30 A.), BOTELLA,PLAYA-100 PIPPERS (30 A.), CARPA PUERTO VARADERO-100 PIPPERS (C.100), CENTRO L\u00c1SER-CENTRO L\u00c1SER, CENTRO L\u00c1SER 2-CENTRO L\u00c1SER, CENTRO L\u00c1SER 3-CENTRO L\u00c1SER, <\/span><span style=\"font-family:Arial;\">CENTRO L\u00c1SER 4-CENTRO L\u00c1SER, CENTRO L\u00c1SER 5-CENTRO L\u00c1SER, <\/span><span style=\"font-family:Arial;\">DICEN QUE CONDUCIRLO ES&#8230;-BLANDY (600), EDEM MOBILIARIO-EDEM, <\/span><span style=\"font-family:Arial;\">EDEM MOBILIARIO 2-EDEM, EDEM MOBILIARIO 3-EDEM, EL JUEGO DE LAS PALABRAS-BIMBO, EL MEJOR MARCO PARA EL&#8230;-BLANDY(L.ROVER), EL SABOR DE LA AMISTAD-TROPICAL, FIESTA DE OTO\u00d1O-METROPOLE, FLECHA-CARLSBERG, FLECHA 1-CARLSBERG, FLECHA 2-CARLSBERG, FLECHA 3-CARLSBERG, FLECHA 4-CARLSBERG, FLECHA 5-CARLSBERG, FLECHA 6-CARLSBERG, FLECHA 7-CARLSBERG, FLECHA 8-CARLSBERG, FOTOGRAF\u00cdA SIN C\u00c1MARA-KODACK, GUANIJEI 1-JOHN HAIG, GUANIJEI 2-JOHN HAIG, GUANIJEI 3-JOHN HAIG, INAGURACION-LA BALLENA, LOCUUURA(ENCARTE)-PEPSI, NUEVA TERMINAL-PTO.DE LPA, NUEVAS ESTACIONES-PTO.DE LPA, NUEVO DEPT. TAPICERIA-ALKA MUEBLES, NUNCA PIERDAS TU FRESCU.-TROPICAL, OFERTA FIN DE SEMANA-H.LA CANARIA, PRESTAMOS COCHE-LA CAJA, PROMOCION INMOBILIARIA 1-HOYA POZUELO, PROMOCION INMOBILIARIA 2-HOYA POZUELO, PROMOCION INMOBILIARIA 3-HOYA POZUELO, PROMOCION INMOBILIARIA 4-HOYA POZUELO, PROMOCION INMOBILIARIA 5-HOYA POZUELO, PROMOCION INMOBILIARIA 6-HOYA POZUELO, RAV- 41-TOYOTA, RAV- 42-TOYOTA, SOBRE TODO ES UN ROVER-BLANDY, SORTEOS DE OTO\u00d1O-LA CAJA, TAL COMO ERES-HEINEKEN, TRILCE TRES-BELEYMA, URBANIZACI\u00d3N-PTO.DE LPA, VIVA COMO SIEMPRE SO\u00d1\u00d3&#8230;-PROTISA, \u00bfHA VISTO YA LOS NUEVOS&#8230;-BLANDY (600), \u00bfNO LE PARECE FABULOSO?-BLANDY(L.ROVER),<\/span><\/p>\n<p><strong>CU\u00d1A DE RADIO, <\/strong>32 piezas\u00a0de las agencias Atlantis, Extra, BSB y Mongrama.\u00a0BENDITAS OBRAS 1-AY.LAS PALMAS, BENDITAS OBRAS 2-AY.LAS PALMAS, BENDITAS OBRAS 3-AY.LAS PALMAS, BENDITAS OBRAS 4-AY.LAS PALMAS, BENDITAS OBRAS 5-AY.LAS PALMAS, BENDITAS OBRAS 6-AY.LAS PALMAS, BENDITAS OBRAS 7-AY.LAS PALMAS, BENDITAS OBRAS 8-AY.LAS PALMAS, BENDITAS OBRAS 9-AY.LAS PALMAS, NUEVA FABRICA-BIMBO, UN INDIO AUTENTICO 1-CACIQUE, UN INDIO AUTENTICO 2-CACIQUE, UN INDIO AUTENTICO 3-CACIQUE, UN INDIO AUTENTICO 4-CACIQUE, ESTUDIANTE-CARLSBERG, PASAJERO-CARLSBERG, POL\u00cdTICO-CARLSBERG, P\u00cdDETE DOS&#8230; 1-DONUTS, P\u00cdDETE DOS&#8230; 2 (TEASER)-DONUTS, PROMOCI\u00d3N LATA VERANO-HEINEKEN, NUESTRA FORMA DE PEDIRLO ( GUANIJEI)-JOHN HAIG, PRONUNCIACI\u00d3N (GUANIJEI)-JOHN HAIG, DICCIONARIO (GUANIJEI)-JOHN HAIG, JINGLE CANTADA-LA BALLENA, SORTEOS DE OTO\u00d1O 1-LA CAJA, SORTEOS DE OTO\u00d1O 2-LA CAJA, SORTEOS DE OTO\u00d1O 3-LA CAJA, SE\u00d1ORA BOTIQU\u00cdN-SANIDAD, VARIOS PENSIONISTAS-SANIDAD, ME GUSTA MOVERLO-TIRCAO, LATA (CARNAVAL)-TROPICAL, CONTESTADOR (CARNAVAL)-TROPICAL, BOTELLIN (CARNAVAL)-TROPICAL, AMOR (CARNAVAL)-TROPICAL,<\/p>\n<p><strong>SPOT DE TV<\/strong> 31 piezas\u00a0de las agencias Atlantis, Extra y BSB.\u00a0<span style=\"font-family:Arial;\">2 PAN DE MOLDE-BIMBO, ALCAMPO-ALCAMPO, AMBROSIAS-TIRMA, BENDITAS OBRAS 1-AY.DE LAS PALMAS, BENDITAS OBRAS 2-AY.DE LAS PALMAS, BENDITAS OBRAS 3-AY.DE LAS PALMAS, BENDITAS OBRAS 4-AY.DE LAS PALMAS, BENDITAS OBRAS 5-AY.DE LAS PALMAS, BENDITAS OBRAS 6-AY.DE LAS PALMAS, BENDITAS OBRAS 7-AY.DE LAS PALMAS, <\/span><span style=\"font-family:Arial;\">BENDITAS OBRAS 8-AY.DE LAS PALMAS, BENDITAS OBRAS 9-AY.DE LAS PALMAS, BOTIQU\u00cdN-SANIDAD, CAJA CANARIAS-CAJA CANARIAS, <\/span><span style=\"font-family:Arial;\">CAMEL TO\u00d1I PONCE-RJ REYNOLDS, C.C.LAS ARENAS -LAS ARENAS, <\/span><span style=\"font-family:Arial;\">C.C.LAS ARENAS 2-LAS ARENAS, DONA TUS \u00d3RGANOS-SANIDAD, EL SABOR DE LA AMISTAD-TROPICAL, EL SABOR DE LA AMISTAD 2-TROPICAL, HIELO VASO-HEINEKEN, LOCUUUUURA (COLA ANIMADA)-PEPSI, ME GUSTA MOVERLO TIRCAO-TIRMA, NAVIDAD-UNELCO, <\/span><span style=\"font-family:Arial;\">NAVIDAD-LAS ARENAS, PARQUE-GRANINI, PRODUCTOS DE CANARIAS-PR.DE CANARIAS, RAV &#8211; 4-TOYOTA, SE\u00d1ORA-SANIDAD, TE LO VAS A PERDER-TOYOTA, TE LO VAS A PERDER 2-TOYOTA.<\/span><\/p>\n<p><strong>SOPORTE EXTERIOR <\/strong>19 piezas\u00a0de las agencias Atlantis, Extra y BSB.\u00a0<span style=\"font-family:Arial;\">A TODO COLOR-KODAK EXPRESS-GUAGUA, CARNAVAL TE QUIERO-TROPICAL-VALLA, DIRECCIONAL-LA BALLENA-VALLA, EL REGALO PERFECTO-CADBURY-GUAGUA, EL SABOR DE LA AMISTAD-TROPICAL-VALLA, ELSABOR (TEASER)-TROPICAL-VALLA, GUANIJEI-JOHN HAIG-VALLA, PASEO DE CHIL-100 PIPPERS-LUMINOSO, PASEO DE CHIL-HEINEKEN-LUMINOSO, PINTA Y LIMPIA GRAN CANARIA-PATR.DE TURISMO-GUAGUA, TAL COMO ERES-HEINEKEN-GUAGUA, TAL COMO ERES-HEINEKEN-VALLA, TAL COMO ERES-HEINEKEN-GUAGUA GIGANT.,<\/span><span style=\"font-family:Arial;\">TORRE FEDORA-HEINEKEN-LUMINOSO, UN INDIO AUTENTICO-CACIQUE-VALLA,<\/span><\/p>\n<p>Pero con un solo patrocinador que cubr\u00eda el coste del premio exclusivamente, tem\u00edamos que la afluencia a la entrega de premios en el sal\u00f3n Palmeras fuese escasa, ya que todos deb\u00edamos pagar el coste del men\u00fa que nos hab\u00edan ofertado el hotel Santa Catalina. Pero para nuestra sorpresa <strong>Zaida<\/strong>, coraz\u00f3n de Pepe Paiz, que era la que recib\u00eda las llamadas de confirmaci\u00f3n fue apuntando poco a poco a todos los que llamaban hasta que el sal\u00f3n se lleno por completo. Atlantis, TVE y Antena 3 ten\u00edan las mesas mas numerosas con una media de doce personas.<\/p>\n<p>Asi que todo estaba preparado para arrancar, ten\u00edamos aforo completo, ten\u00edamos ganadores, ten\u00edamos una pantalla de retroproyecci\u00f3n y equipos cedidos por Fernando de <strong>Vicsa<\/strong>, incluso c\u00e1maras que en alg\u00fan lugar guardaran im\u00e1genes de lo que all\u00ed ocurri\u00f3. Incluso nos dio el dinero para invitar al Presidente de <strong>AMPE<\/strong> (asoc. de medios publicitarios de Espa\u00f1a) con el fin de tener un respaldo nacional.<\/p>\n<p>Y arranco la cena, cada uno en su mesa, algunos se pusieron caras por primera vez, fue m\u00e1gico, a Pepe y a mi nos toco presentar entre si a mucha gente y llegamos al cafe en un sal\u00f3n plet\u00f3rico y animado. Piedra Pomez se subi\u00f3 a aquel escenario que hab\u00eda en la esquina del Sal\u00f3n Palmeras y arranco las primeras risas de la noche hasta que comenzaron a entregar cada premio entre v\u00eddeos, radio y piezas gr\u00e1ficas a los ganadores de la noche:<\/p>\n<p>Programa de radio: <strong>a chirona de la cadena cope.<\/strong><\/p>\n<p>Locutor de radio : <strong>agustin padron de Radio Canarias.<\/strong><\/p>\n<p>Programa de TV: <strong>senderos isle\u00f1os de TVE.<\/strong><\/p>\n<p>Presentador de TV: <strong>Mary Carmen Iza de TVE.<\/strong><\/p>\n<p>Secci\u00f3n de Prensa: <strong>Corolario de Diario de Las Palmas.<\/strong><\/p>\n<p>Redactor de Prensa: <strong>Angel Tristan de La Provincia.<\/strong><\/p>\n<p>Fotografo de Prensa: <strong>Arcadio Suarez de Canarias7.<\/strong><\/p>\n<p>Camara de TV: <strong>Fernando Ojeda de Antena 3 TV.<\/strong><\/p>\n<p>Cu\u00f1a de radio ganadora: <strong>Un indio autentico de Cacique &#8211; agencia Extra.<\/strong><\/p>\n<p>Spot tv ganador: <strong>Camel To\u00f1i Ponce &#8211; agencia Extra.<\/strong><\/p>\n<p>ieza de exterior ganadora: <strong>Luminoso en la torre Fedora de \u00a0Heineken &#8211; agencia Atlantis.<\/strong><\/p>\n<p>Premio especial trayectoria: <strong>Alberto Cabr\u00e9, Fundador de Atlantis Publicidad.<\/strong><\/p>\n<p>Cuando todo acabo, nos fuimos a la terraza Varadero donde hoy en d\u00eda est\u00e1 el centro comercial el muelle donde <strong>Angel Marrero<\/strong>, nos invito a algunas copas y la actuaci\u00f3n del Grupo Burning.<\/p>\n<p>Recuerdo esa misma noche antes de irme a dormir encontrarme la contraportada de ambos peri\u00f3dicos con fotos y elogios a una noche hist\u00f3rica donde por primera vez los profesionales involucrados en el mundo de la publicidad\u00a0y la comunicaci\u00f3n de\u00a0las islas se hab\u00edan reunido para cenar con la disculpa de unos premios que todos aceptaron como suyos.<\/p>\n<p>Al a\u00f1o siguiente se intento volver a realizarlos, pero solo conseguimos reunirnos algunos en la terraza <strong>Pacha<\/strong> bajo los aparcamientos Saba para tomarnos una copa y compartir experiencias.<\/p>\n<span class=\"kt-load-after-post\"><\/span>","protected":false},"excerpt":{"rendered":"<p>Desde el cluster de comunicacion y Marketing, pusimos en marcha hace unos a\u00f1os los premios las iniciativas con una gran respuesta de empresas y profesionales del sector de las islas, pero quiero refrescarles las memoria a aquellos que lo pudieron vivir y compartir aquellos primeros premios de publicidad al cual bautizamos como VULCAN.<\/p>\n","protected":false},"author":1,"featured_media":2142,"comment_status":"closed","ping_status":"closed","sticky":false,"template":"","format":"standard","meta":{"_kad_blocks_custom_css":"","_kad_blocks_head_custom_js":"","_kad_blocks_body_custom_js":"","_kad_blocks_footer_custom_js":"","advanced_seo_description":"","jetpack_seo_html_title":"","jetpack_seo_noindex":false,"_kadence_starter_templates_imported_post":false,"_kad_post_transparent":"","_kad_post_title":"","_kad_post_layout":"","_kad_post_sidebar_id":"","_kad_post_content_style":"","_kad_post_vertical_padding":"","_kad_post_feature":"","_kad_post_feature_position":"","_kad_post_header":false,"_kad_post_footer":false,"_jetpack_memberships_contains_paid_content":false,"footnotes":""},"categories":[13],"tags":[],"class_list":["post-650","post","type-post","status-publish","format-standard","has-post-thumbnail","hentry","category-dream-media"],"featured_image_src":"https:\/\/i0.wp.com\/www.dreammedia.es\/blog\/wp-content\/uploads\/7e17e-images-1.jpeg?fit=292%2C173&ssl=1","author_info":{"display_name":"Dream media","author_link":"https:\/\/www.dreammedia.es\/blog\/author\/morenoangulo\/"},"taxonomy_info":{"category":[{"value":13,"label":"Dream media"}]},"featured_image_src_large":["https:\/\/i0.wp.com\/www.dreammedia.es\/blog\/wp-content\/uploads\/7e17e-images-1.jpeg?fit=292%2C173&ssl=1",292,173,true],"comment_info":0,"category_info":[{"term_id":13,"name":"Dream media","slug":"dream-media","term_group":0,"term_taxonomy_id":13,"taxonomy":"category","description":"","parent":0,"count":273,"filter":"raw","cat_ID":13,"category_count":273,"category_description":"","cat_name":"Dream media","category_nicename":"dream-media","category_parent":0}],"tag_info":false,"jetpack_featured_media_url":"https:\/\/i0.wp.com\/www.dreammedia.es\/blog\/wp-content\/uploads\/7e17e-images-1.jpeg?fit=292%2C173&ssl=1","jetpack-related-posts":[{"id":1906,"url":"https:\/\/www.dreammedia.es\/blog\/la-publicidad-en-canarias-ii\/","url_meta":{"origin":650,"position":0},"title":"La publicidad en Canarias (II)","author":"Dream media","date":"","format":false,"excerpt":"Cuando hablas de la publicidad en las islas, siempre lo hacemos de agencias, creativos, clientes y ejecutivos. Pero en esta entrega perm\u00edtanme que me centre en una sola persona. El ya no est\u00e1 con nosotros, se nos fue hace unos cuantos a\u00f1os, pero quiero desde este rinc\u00f3n rendirle un peque\u00f1o\u2026","rel":"","context":"En \u00abDream media\u00bb","block_context":{"text":"Dream media","link":"https:\/\/www.dreammedia.es\/blog\/category\/dream-media\/"},"img":{"alt_text":"","src":"","width":0,"height":0},"classes":[]},{"id":652,"url":"https:\/\/www.dreammedia.es\/blog\/la-publicidad-en-canarias-ii-2\/","url_meta":{"origin":650,"position":1},"title":"La publicidad en Canarias (II)","author":"Dream media","date":"","format":false,"excerpt":"Cuando hablas de la publicidad en las islas, siempre lo hacemos de agencias, creativos, clientes y ejecutivos. Pero en esta entrega perm\u00edtanme que me centre en una sola persona. El ya no est\u00e1 con nosotros, se nos fue hace unos cuantos a\u00f1os, pero quiero desde este rinc\u00f3n rendirle un peque\u00f1o\u2026","rel":"","context":"En \u00abDream media\u00bb","block_context":{"text":"Dream media","link":"https:\/\/www.dreammedia.es\/blog\/category\/dream-media\/"},"img":{"alt_text":"images","src":"https:\/\/javierangulom.files.wordpress.com\/2019\/07\/7e17e-images-1.jpeg?w=350&h=200&crop=1","width":350,"height":200},"classes":[]},{"id":461,"url":"https:\/\/www.dreammedia.es\/blog\/premios-en-canarias\/","url_meta":{"origin":650,"position":2},"title":"Premios en Canarias","author":"Dream media","date":"","format":false,"excerpt":"Nos env\u00eda Eladio Bomb\u00edn de Puro mercadeo una importante iniciativa para el sector publicitario de las islas que esperemos contin\u00fae cada a\u00f1o, este es el segundo intento de crear unos premios en las islas, despu\u00e9s de los premios vulcan. El Concurso \u201cLas Iniciativas\u201d. Se celebrara el 3-04-2009. El a\u00f1o 2009\u2026","rel":"","context":"En \u00abDream media\u00bb","block_context":{"text":"Dream media","link":"https:\/\/www.dreammedia.es\/blog\/category\/dream-media\/"},"img":{"alt_text":"","src":"","width":0,"height":0},"classes":[]},{"id":1905,"url":"https:\/\/www.dreammedia.es\/blog\/la-publicidad-en-canarias-i-7\/","url_meta":{"origin":650,"position":3},"title":"La publicidad en Canarias (I)","author":"Dream media","date":"","format":false,"excerpt":"Quiz\u00e1s cualquier persona vinculada al mundo de la publicidad, no entienda porque las islas Canarias tienen una posici\u00f3n privilegiada en el sector de la publicidad con respecto a otras provincias espa\u00f1olas. Canarias desde la d\u00e9cada de los 70 fue considerada por las multinacionales, mercado independiente de Espa\u00f1a, debido a sus\u2026","rel":"","context":"En \u00abDream media\u00bb","block_context":{"text":"Dream media","link":"https:\/\/www.dreammedia.es\/blog\/category\/dream-media\/"},"img":{"alt_text":"","src":"https:\/\/javierangulom.files.wordpress.com\/2019\/07\/adbdd-nik.jpg?w=350&h=200&crop=1","width":350,"height":200},"classes":[]},{"id":1894,"url":"https:\/\/www.dreammedia.es\/blog\/la-publicidad-en-canarias-i-5\/","url_meta":{"origin":650,"position":4},"title":"La publicidad en Canarias (I)","author":"Dream media","date":"","format":false,"excerpt":"Quiz\u00e1s cualquier persona vinculada al mundo de la publicidad, no entienda porque las islas Canarias tienen una posici\u00f3n privilegiada en el sector de la publicidad con respecto a otras provincias espa\u00f1olas. Canarias desde la d\u00e9cada de los 70 fue considerada por las multinacionales, mercado independiente de Espa\u00f1a, debido a sus\u2026","rel":"","context":"En \u00abDream media\u00bb","block_context":{"text":"Dream media","link":"https:\/\/www.dreammedia.es\/blog\/category\/dream-media\/"},"img":{"alt_text":"","src":"","width":0,"height":0},"classes":[]},{"id":654,"url":"https:\/\/www.dreammedia.es\/blog\/la-publicidad-en-canarias-i\/","url_meta":{"origin":650,"position":5},"title":"La publicidad en Canarias (I)","author":"Dream media","date":"","format":false,"excerpt":"Quiz\u00e1s cualquier persona vinculada al mundo de la publicidad, no entienda porque las islas Canarias tienen una posici\u00f3n privilegiada en el sector de la publicidad con respecto a otras provincias espa\u00f1olas. Canarias desde la d\u00e9cada de los 70 fue considerada por las multinacionales, mercado independiente de Espa\u00f1a, debido a sus\u2026","rel":"","context":"En \u00abDream media\u00bb","block_context":{"text":"Dream media","link":"https:\/\/www.dreammedia.es\/blog\/category\/dream-media\/"},"img":{"alt_text":"nik","src":"https:\/\/javierangulom.files.wordpress.com\/2019\/07\/adbdd-nik.jpg?w=350&h=200&crop=1","width":350,"height":200},"classes":[]}],"jetpack_sharing_enabled":true,"_links":{"self":[{"href":"https:\/\/www.dreammedia.es\/blog\/wp-json\/wp\/v2\/posts\/650","targetHints":{"allow":["GET"]}}],"collection":[{"href":"https:\/\/www.dreammedia.es\/blog\/wp-json\/wp\/v2\/posts"}],"about":[{"href":"https:\/\/www.dreammedia.es\/blog\/wp-json\/wp\/v2\/types\/post"}],"author":[{"embeddable":true,"href":"https:\/\/www.dreammedia.es\/blog\/wp-json\/wp\/v2\/users\/1"}],"replies":[{"embeddable":true,"href":"https:\/\/www.dreammedia.es\/blog\/wp-json\/wp\/v2\/comments?post=650"}],"version-history":[{"count":1,"href":"https:\/\/www.dreammedia.es\/blog\/wp-json\/wp\/v2\/posts\/650\/revisions"}],"predecessor-version":[{"id":5634,"href":"https:\/\/www.dreammedia.es\/blog\/wp-json\/wp\/v2\/posts\/650\/revisions\/5634"}],"wp:featuredmedia":[{"embeddable":true,"href":"https:\/\/www.dreammedia.es\/blog\/wp-json\/wp\/v2\/media\/2142"}],"wp:attachment":[{"href":"https:\/\/www.dreammedia.es\/blog\/wp-json\/wp\/v2\/media?parent=650"}],"wp:term":[{"taxonomy":"category","embeddable":true,"href":"https:\/\/www.dreammedia.es\/blog\/wp-json\/wp\/v2\/categories?post=650"},{"taxonomy":"post_tag","embeddable":true,"href":"https:\/\/www.dreammedia.es\/blog\/wp-json\/wp\/v2\/tags?post=650"}],"curies":[{"name":"wp","href":"https:\/\/api.w.org\/{rel}","templated":true}]}}