{"id":721,"date":"2012-05-12T16:53:59","date_gmt":"2012-05-12T16:53:59","guid":{"rendered":"http:\/\/www.grupodm.tv\/blog\/?p=721"},"modified":"2024-05-12T13:59:35","modified_gmt":"2024-05-12T13:59:35","slug":"este-verano-disfruta-de-gran-canaria","status":"publish","type":"post","link":"https:\/\/www.dreammedia.es\/blog\/este-verano-disfruta-de-gran-canaria\/","title":{"rendered":"Este verano disfruta de Gran Canaria"},"content":{"rendered":"<div class=\"wp-block-image\">\n<figure class=\"aligncenter\"><img data-recalc-dims=\"1\" loading=\"lazy\" decoding=\"async\" width=\"320\" height=\"154\" src=\"http:\/\/javierangulom.files.wordpress.com\/2019\/07\/2bb81-unknown.jpeg?w=300&#038;h=144&#038;fit=300%2C144&#038;resize=320%2C154\" alt=\"Unknown\" class=\"wp-image-835\" srcset=\"https:\/\/i0.wp.com\/www.dreammedia.es\/blog\/wp-content\/uploads\/2bb81-unknown.jpeg?w=320&amp;ssl=1 320w, https:\/\/i0.wp.com\/www.dreammedia.es\/blog\/wp-content\/uploads\/2bb81-unknown.jpeg?resize=300%2C144&amp;ssl=1 300w\" sizes=\"auto, (max-width: 320px) 100vw, 320px\" \/><\/figure>\n<\/div>\n\n\n<p class=\"has-text-align-center\">Campa\u00f1a para el patronato de turismo de Gran Canaria.<\/p>\n\n\n\n<figure class=\"wp-block-video\"><video height=\"576\" style=\"aspect-ratio: 720 \/ 576;\" width=\"720\" controls src=\"https:\/\/www.dreammedia.es\/blog\/wp-content\/uploads\/GCTURISMO_2015_A3.mp4\"><\/video><\/figure>\n\n\n\n<figure class=\"wp-block-image size-full is-resized\"><img data-recalc-dims=\"1\" loading=\"lazy\" decoding=\"async\" width=\"300\" height=\"100\" src=\"https:\/\/i0.wp.com\/www.dreammedia.es\/blog\/wp-content\/uploads\/PROVINCIA-1-e1714568560848.jpg?resize=300%2C100&#038;ssl=1\" alt=\"\" class=\"wp-image-4915\" style=\"width:727px;height:auto\"\/><\/figure>\n<span class=\"kt-load-after-post\"><\/span>","protected":false},"excerpt":{"rendered":"<p>Campa\u00f1a para el patronato de turismo de Gran Canaria.<\/p>\n","protected":false},"author":1,"featured_media":4907,"comment_status":"open","ping_status":"closed","sticky":false,"template":"","format":"standard","meta":{"_kad_blocks_custom_css":"","_kad_blocks_head_custom_js":"","_kad_blocks_body_custom_js":"","_kad_blocks_footer_custom_js":"","advanced_seo_description":"","jetpack_seo_html_title":"","jetpack_seo_noindex":false,"_kadence_starter_templates_imported_post":false,"_kad_post_transparent":"","_kad_post_title":"","_kad_post_layout":"","_kad_post_sidebar_id":"","_kad_post_content_style":"","_kad_post_vertical_padding":"","_kad_post_feature":"","_kad_post_feature_position":"","_kad_post_header":false,"_kad_post_footer":false,"_jetpack_memberships_contains_paid_content":false,"footnotes":""},"categories":[13],"tags":[],"class_list":["post-721","post","type-post","status-publish","format-standard","has-post-thumbnail","hentry","category-dream-media"],"featured_image_src":"https:\/\/i0.wp.com\/www.dreammedia.es\/blog\/wp-content\/uploads\/QUIEN-TIENE-UN-TURISTA-TIENEN-UN-TESORO.png?fit=1920%2C1080&ssl=1","author_info":{"display_name":"Dream media","author_link":"https:\/\/www.dreammedia.es\/blog\/author\/morenoangulo\/"},"taxonomy_info":{"category":[{"value":13,"label":"Dream media"}]},"featured_image_src_large":["https:\/\/i0.wp.com\/www.dreammedia.es\/blog\/wp-content\/uploads\/QUIEN-TIENE-UN-TURISTA-TIENEN-UN-TESORO.png?fit=1024%2C576&ssl=1",1024,576,true],"comment_info":0,"category_info":[{"term_id":13,"name":"Dream media","slug":"dream-media","term_group":0,"term_taxonomy_id":13,"taxonomy":"category","description":"","parent":0,"count":273,"filter":"raw","cat_ID":13,"category_count":273,"category_description":"","cat_name":"Dream media","category_nicename":"dream-media","category_parent":0}],"tag_info":false,"jetpack_featured_media_url":"https:\/\/i0.wp.com\/www.dreammedia.es\/blog\/wp-content\/uploads\/QUIEN-TIENE-UN-TURISTA-TIENEN-UN-TESORO.png?fit=1920%2C1080&ssl=1","jetpack-related-posts":[{"id":5800,"url":"https:\/\/www.dreammedia.es\/blog\/gran-canaria-este-verano-disfruta-de-tu-isla\/","url_meta":{"origin":721,"position":0},"title":"Gran Canaria, este verano disfruta de tu Isla","author":"Dream media","date":"","format":false,"excerpt":"Campa\u00f1a para turismo de Gran Canaria https:\/\/www.youtube.com\/watch?v=b_8_4oA8zOQ","rel":"","context":"En \u00abDream media\u00bb","block_context":{"text":"Dream media","link":"https:\/\/www.dreammedia.es\/blog\/category\/dream-media\/"},"img":{"alt_text":"","src":"https:\/\/i0.wp.com\/www.dreammedia.es\/blog\/wp-content\/uploads\/grancanaria-t.png?fit=680%2C408&ssl=1&resize=350%2C200","width":350,"height":200,"srcset":"https:\/\/i0.wp.com\/www.dreammedia.es\/blog\/wp-content\/uploads\/grancanaria-t.png?fit=680%2C408&ssl=1&resize=350%2C200 1x, https:\/\/i0.wp.com\/www.dreammedia.es\/blog\/wp-content\/uploads\/grancanaria-t.png?fit=680%2C408&ssl=1&resize=525%2C300 1.5x"},"classes":[]},{"id":646,"url":"https:\/\/www.dreammedia.es\/blog\/premio-al-video-gran-canaria-un-gran-destino\/","url_meta":{"origin":721,"position":1},"title":"Premio al v\u00eddeo &#8216;Gran Canaria, un gran destino&#8217;","author":"Dream media","date":"","format":false,"excerpt":"Este v\u00eddeo de siete minutos ha recibido el primer galard\u00f3n en la categor\u00eda de turismo de aventura. El video promocional Gran Canaria, un gran destino ha recibido el primer premio del Festival Internacional de Videos Tur\u00edsticos de Riga en la categor\u00eda de turismo de aventura, seg\u00fan ha informado este mi\u00e9rcoles\u2026","rel":"","context":"En \u00abDream media\u00bb","block_context":{"text":"Dream media","link":"https:\/\/www.dreammedia.es\/blog\/category\/dream-media\/"},"img":{"alt_text":"","src":"https:\/\/i0.wp.com\/www.dreammedia.es\/blog\/wp-content\/uploads\/Captura-de-pantalla-2024-05-01-a-las-22.49.54.png?fit=1200%2C803&ssl=1&resize=350%2C200","width":350,"height":200,"srcset":"https:\/\/i0.wp.com\/www.dreammedia.es\/blog\/wp-content\/uploads\/Captura-de-pantalla-2024-05-01-a-las-22.49.54.png?fit=1200%2C803&ssl=1&resize=350%2C200 1x, https:\/\/i0.wp.com\/www.dreammedia.es\/blog\/wp-content\/uploads\/Captura-de-pantalla-2024-05-01-a-las-22.49.54.png?fit=1200%2C803&ssl=1&resize=525%2C300 1.5x, https:\/\/i0.wp.com\/www.dreammedia.es\/blog\/wp-content\/uploads\/Captura-de-pantalla-2024-05-01-a-las-22.49.54.png?fit=1200%2C803&ssl=1&resize=700%2C400 2x, https:\/\/i0.wp.com\/www.dreammedia.es\/blog\/wp-content\/uploads\/Captura-de-pantalla-2024-05-01-a-las-22.49.54.png?fit=1200%2C803&ssl=1&resize=1050%2C600 3x"},"classes":[]},{"id":796,"url":"https:\/\/www.dreammedia.es\/blog\/this-is-gran-canaria\/","url_meta":{"origin":721,"position":2},"title":"This Is Gran Canaria","author":"Dream media","date":"","format":false,"excerpt":"El Cabildo de Gran Canaria ha querido coger las riendas de su comunicaci\u00f3n p\u00fablica y por eso crearon el departamento de publicidad dirigido por el reconocido profesional del sector Manuel Acosta, con una larga trayectoria en publicidad, marketing y comunicaci\u00f3n. Con estas premisas, en junio de 2013 se comenz\u00f3 a\u2026","rel":"","context":"En \u00abDream media\u00bb","block_context":{"text":"Dream media","link":"https:\/\/www.dreammedia.es\/blog\/category\/dream-media\/"},"img":{"alt_text":"","src":"https:\/\/i0.wp.com\/www.dreammedia.es\/blog\/wp-content\/uploads\/silvaMK_099-scaled.jpg?fit=1200%2C798&ssl=1&resize=350%2C200","width":350,"height":200,"srcset":"https:\/\/i0.wp.com\/www.dreammedia.es\/blog\/wp-content\/uploads\/silvaMK_099-scaled.jpg?fit=1200%2C798&ssl=1&resize=350%2C200 1x, https:\/\/i0.wp.com\/www.dreammedia.es\/blog\/wp-content\/uploads\/silvaMK_099-scaled.jpg?fit=1200%2C798&ssl=1&resize=525%2C300 1.5x, https:\/\/i0.wp.com\/www.dreammedia.es\/blog\/wp-content\/uploads\/silvaMK_099-scaled.jpg?fit=1200%2C798&ssl=1&resize=700%2C400 2x, https:\/\/i0.wp.com\/www.dreammedia.es\/blog\/wp-content\/uploads\/silvaMK_099-scaled.jpg?fit=1200%2C798&ssl=1&resize=1050%2C600 3x"},"classes":[]},{"id":2435,"url":"https:\/\/www.dreammedia.es\/blog\/gran-canaria-wtm-londres\/","url_meta":{"origin":721,"position":3},"title":"Gran Canaria WTM Londres","author":"Dream media","date":"","format":false,"excerpt":"Presentaci\u00f3n de la campa\u00f1a de Gran Canaria con David Silva producida por Dream media, con la presencia del ministro Jos\u00e9 Manuel Soria, Presidente del Cabildo Jos\u00e9 Miguel Bravo de Laguna, Embajador de Espa\u00f1a Federico Trillo y la secretaria de estado de Turismo Isabel Borrego, adem\u00e1s de empresarios del sector, en\u2026","rel":"","context":"En \u00abDream media\u00bb","block_context":{"text":"Dream media","link":"https:\/\/www.dreammedia.es\/blog\/category\/dream-media\/"},"img":{"alt_text":"","src":"https:\/\/i0.wp.com\/www.dreammedia.es\/blog\/wp-content\/uploads\/wtmgrancanaria7n.jpg?fit=569%2C294&ssl=1&resize=350%2C200","width":350,"height":200,"srcset":"https:\/\/i0.wp.com\/www.dreammedia.es\/blog\/wp-content\/uploads\/wtmgrancanaria7n.jpg?fit=569%2C294&ssl=1&resize=350%2C200 1x, https:\/\/i0.wp.com\/www.dreammedia.es\/blog\/wp-content\/uploads\/wtmgrancanaria7n.jpg?fit=569%2C294&ssl=1&resize=525%2C300 1.5x"},"classes":[]},{"id":1346,"url":"https:\/\/www.dreammedia.es\/blog\/pacha-gran-canaria-summer-2014\/","url_meta":{"origin":721,"position":4},"title":"Pacha Gran Canaria Summer 2014","author":"Dream media","date":"","format":false,"excerpt":"El verano de 2024 comenz\u00f3 con la visita de Bob Sinclair Spot TV https:\/\/youtu.be\/yghX3d8iMg8?feature=shared Campa\u00f1a de radio","rel":"","context":"En \u00abDream media\u00bb","block_context":{"text":"Dream media","link":"https:\/\/www.dreammedia.es\/blog\/category\/dream-media\/"},"img":{"alt_text":"","src":"https:\/\/i0.wp.com\/www.dreammedia.es\/blog\/wp-content\/uploads\/28bc6-valla1.jpg?fit=1200%2C436&ssl=1&resize=350%2C200","width":350,"height":200,"srcset":"https:\/\/i0.wp.com\/www.dreammedia.es\/blog\/wp-content\/uploads\/28bc6-valla1.jpg?fit=1200%2C436&ssl=1&resize=350%2C200 1x, https:\/\/i0.wp.com\/www.dreammedia.es\/blog\/wp-content\/uploads\/28bc6-valla1.jpg?fit=1200%2C436&ssl=1&resize=525%2C300 1.5x, https:\/\/i0.wp.com\/www.dreammedia.es\/blog\/wp-content\/uploads\/28bc6-valla1.jpg?fit=1200%2C436&ssl=1&resize=700%2C400 2x, https:\/\/i0.wp.com\/www.dreammedia.es\/blog\/wp-content\/uploads\/28bc6-valla1.jpg?fit=1200%2C436&ssl=1&resize=1050%2C600 3x"},"classes":[]},{"id":1047,"url":"https:\/\/www.dreammedia.es\/blog\/productos-de-gran-canaria\/","url_meta":{"origin":721,"position":5},"title":"Productos de Gran Canaria","author":"Dream media","date":"","format":false,"excerpt":"Campa\u00f1a para fomentar el consumo de productos de la isla. La agencia de publicidad canaria Kinewa firma la campa\u00f1a dirigida por Manuel Acosta, Coordinador de Comunicaci\u00f3n de la instituci\u00f3n grancanaria, cuyo lema es: \"Consumiendo productos de Gran Canaria, el beneficio se queda en nuestra isla. El beneficio es para ti.\"\u2026","rel":"","context":"En \u00abDream media\u00bb","block_context":{"text":"Dream media","link":"https:\/\/www.dreammedia.es\/blog\/category\/dream-media\/"},"img":{"alt_text":"","src":"https:\/\/i0.wp.com\/www.dreammedia.es\/blog\/wp-content\/uploads\/3078f-af-media-c7-04.jpg?fit=1200%2C768&ssl=1&resize=350%2C200","width":350,"height":200,"srcset":"https:\/\/i0.wp.com\/www.dreammedia.es\/blog\/wp-content\/uploads\/3078f-af-media-c7-04.jpg?fit=1200%2C768&ssl=1&resize=350%2C200 1x, https:\/\/i0.wp.com\/www.dreammedia.es\/blog\/wp-content\/uploads\/3078f-af-media-c7-04.jpg?fit=1200%2C768&ssl=1&resize=525%2C300 1.5x, https:\/\/i0.wp.com\/www.dreammedia.es\/blog\/wp-content\/uploads\/3078f-af-media-c7-04.jpg?fit=1200%2C768&ssl=1&resize=700%2C400 2x, https:\/\/i0.wp.com\/www.dreammedia.es\/blog\/wp-content\/uploads\/3078f-af-media-c7-04.jpg?fit=1200%2C768&ssl=1&resize=1050%2C600 3x"},"classes":[]}],"jetpack_sharing_enabled":true,"_links":{"self":[{"href":"https:\/\/www.dreammedia.es\/blog\/wp-json\/wp\/v2\/posts\/721","targetHints":{"allow":["GET"]}}],"collection":[{"href":"https:\/\/www.dreammedia.es\/blog\/wp-json\/wp\/v2\/posts"}],"about":[{"href":"https:\/\/www.dreammedia.es\/blog\/wp-json\/wp\/v2\/types\/post"}],"author":[{"embeddable":true,"href":"https:\/\/www.dreammedia.es\/blog\/wp-json\/wp\/v2\/users\/1"}],"replies":[{"embeddable":true,"href":"https:\/\/www.dreammedia.es\/blog\/wp-json\/wp\/v2\/comments?post=721"}],"version-history":[{"count":3,"href":"https:\/\/www.dreammedia.es\/blog\/wp-json\/wp\/v2\/posts\/721\/revisions"}],"predecessor-version":[{"id":5843,"href":"https:\/\/www.dreammedia.es\/blog\/wp-json\/wp\/v2\/posts\/721\/revisions\/5843"}],"wp:featuredmedia":[{"embeddable":true,"href":"https:\/\/www.dreammedia.es\/blog\/wp-json\/wp\/v2\/media\/4907"}],"wp:attachment":[{"href":"https:\/\/www.dreammedia.es\/blog\/wp-json\/wp\/v2\/media?parent=721"}],"wp:term":[{"taxonomy":"category","embeddable":true,"href":"https:\/\/www.dreammedia.es\/blog\/wp-json\/wp\/v2\/categories?post=721"},{"taxonomy":"post_tag","embeddable":true,"href":"https:\/\/www.dreammedia.es\/blog\/wp-json\/wp\/v2\/tags?post=721"}],"curies":[{"name":"wp","href":"https:\/\/api.w.org\/{rel}","templated":true}]}}