{"id":858,"date":"2013-07-09T10:12:11","date_gmt":"2013-07-09T10:12:11","guid":{"rendered":"http:\/\/dreammedia.es\/blog\/?p=858"},"modified":"2024-05-12T10:48:33","modified_gmt":"2024-05-12T10:48:33","slug":"por-gran-canaria-si-podemos","status":"publish","type":"post","link":"https:\/\/www.dreammedia.es\/blog\/por-gran-canaria-si-podemos\/","title":{"rendered":"POR GRAN CANARIA \u00a1\u00a1S\u00cd PODEMOS!!"},"content":{"rendered":"\n<p>El Cabildo de Gran Canaria ha iniciado una campa\u00f1a en defensa de la Isla para la que recaba la participaci\u00f3n de todos los ciudadanos y asociaciones que quieran adherirse con su firma, a trav\u00e9s de la p\u00e1gina web www.grancanariasipodemos.com.<\/p>\n\n\n\n<p>Para ello se ha creado la plataforma c\u00edvica Por Gran Canaria, S\u00ed Podemos, como reacci\u00f3n a un Gobierno de Canarias que, seg\u00fan sostiene la Corporaci\u00f3n, \u00abse empe\u00f1a en arrebatarnos la posici\u00f3n que nos corresponde en el Archipi\u00e9lago para propiciar la primac\u00eda de una sola isla\u00bb.<\/p>\n\n\n\n<p>En el dec\u00e1logo de motivos se expone la oposici\u00f3n de esta plataforma a \u00abuna Ley de Turismo que perjudica los intereses de Gran Canaria y es contraria al avance y desarrollo de nuestro principal motor econ\u00f3mico\u00bb, con las negativas consecuencias que ello tiene para la creaci\u00f3n de empleo, una circunstancia que tambi\u00e9n tiene su reflejo en la nula \u00abrepresentaci\u00f3n y promoci\u00f3n exterior de Canarias y el desarrollo de su turismo\u00bb, que incluso \u00abnos excluye de la oficina de las islas en Bruselas\u00bb.<\/p>\n\n\n\n<p>Adem\u00e1s tambi\u00e9n exige el cumplimento de la Ley de Sedes, una vez desplazado, \u00abel grueso de las consejer\u00edas a una sola isla\u00bb. Tambi\u00e9n el censo, abultado ficticiamente en Tenerife, es motivo de protesta y reacci\u00f3n para la plataforma, al entender que ha \u00absupuesto un millonario perjuicio econ\u00f3mico\u00bb para las islas de Gran Canaria, Lanzarote y Fuerteventura, un menoscabo en programas de ayudas y subsidios que \u00abampara\u00bb el Gobierno de Canarias \u00abcon su silencio\u00bb.<\/p>\n\n\n\n<p>En el cap\u00edtulo de inversiones, el Cabildo expone la negaci\u00f3n de fondos del Ejecutivo regional para importantes proyectos grancanarios como lo son la construcci\u00f3n del Pabell\u00f3n de la Copa del Mundo de Baloncesto 2014; para la inacabada carretera entre La Aldea de San Nicol\u00e1s y Agaete; y para la IV Fase de la Circunvalaci\u00f3n a Las Palmas de Gran Canaria.<\/p>\n\n\n\n<p>Cap\u00edtulo aparte merece para la plataforma promovida por el Cabildo de Gran Canaria su dejaci\u00f3n en materia portuaria, frente a las \u00abmillonarias inversiones\u00bb para otras islas y que la Corporaci\u00f3n que preside Jos\u00e9 Miguel Bravo de Laguna cifra en 160 millones de euros durante los \u00faltimos a\u00f1os.<\/p>\n\n\n\n<p>Esta din\u00e1mica se manifiesta ante el Gobierno central, una administraci\u00f3n a la que el Ejecutivo Aut\u00f3nomos presenta proyectos que \u00abexcluyen a Gran Canaria\u00bb.<\/p>\n\n\n\n<p>Esta bater\u00eda de desagravios, al entender de sus promotores, afecta negativamente a otras entidades culturales de arraigo en la sociedad isle\u00f1a, como el Museo Canario, el Festival de \u00d3pera, la Orquesta Filarm\u00f3nica, el Rally El Corte Ingl\u00e9s, el Granca de Baloncesto y la Uni\u00f3n Deportiva Las Palmas.<\/p>\n\n\n\n<p>Por todas estas razones, en su exposici\u00f3n de motivos exige una respuesta contundente de todos los grancanarios avalada por el mayor n\u00famero de firmas posibles y que bien pueden ser entregadas en cualquier oficina del Cabildo o en la citada p\u00e1gina web, y adem\u00e1s se anima a recoger individualmente m\u00e1s apoyos a trav\u00e9s de un formulario que fue publicado ayer domingo en los medios de comunicaci\u00f3n impresos.<\/p>\n\n\n\n<p>El objetivo, sostienen, es la defensa de unas pol\u00edticas econ\u00f3micas propias que apuesten por \u00abel futuro de sus sectores estrat\u00e9gicos\u00bb, como forma de generar empleo; la consecuci\u00f3n de mayores competencias para el Cabildo y los ayuntamientos, y especialmente un trato equilibrado que respete el Estatuto de Autonom\u00eda de Canarias, \u00abbasado en el equilibrio, la alternancia y un juego inteligente de contrapesos\u00bb.<\/p>\n\n\n\n<p>\u00abLa m\u00e1s solidaria\u00bb<\/p>\n\n\n\n<p>En este \u00faltimo sentido vuelve a insistir en una Ley Tur\u00edstica que no se casa con las necesidades de la isla, reclamando el desarrollo con autonom\u00eda de un \u00abmodelo que se ajuste a su demanda\u00bb.<\/p>\n\n\n\n<p>De otro lado recuerdan que Gran Canaria es una isla \u00abcosmopolita, que apuesta por la libertad y la tolerancia como principios b\u00e1sicos de convivencia\u00bb, una filosof\u00eda que la ha convertido en una \u00abisla l\u00edder, fuerte, con amplitud de miras y proyecci\u00f3n internacional\u00bb.<\/p>\n\n\n\n<p>Y subrayan que adem\u00e1s de ser \u00abla que m\u00e1s aporta a los fondos regionales\u00bb, tambi\u00e9n es la \u00abm\u00e1s solidaria del Archipi\u00e9lago\u00bb, que defiende sus se\u00f1as de identidad, \u00abque presume de ellas\u00bb, y que solo \u00abreclama lo que le corresponde\u00bb.<\/p>\n\n\n\n<figure class=\"wp-block-embed is-type-video is-provider-youtube wp-block-embed-youtube wp-embed-aspect-16-9 wp-has-aspect-ratio\"><div class=\"wp-block-embed__wrapper\">\n<iframe loading=\"lazy\" title=\"POR GRAN CANARIA \u00a1\u00a1S\u00cd PODEMOS!!\" width=\"720\" height=\"405\" src=\"https:\/\/www.youtube.com\/embed\/S98N0ISc-iM?feature=oembed\" frameborder=\"0\" allow=\"accelerometer; autoplay; clipboard-write; encrypted-media; gyroscope; picture-in-picture; web-share\" referrerpolicy=\"strict-origin-when-cross-origin\" allowfullscreen><\/iframe>\n<\/div><\/figure>\n\n\n\n<figure class=\"wp-block-embed is-type-video is-provider-youtube wp-block-embed-youtube wp-embed-aspect-16-9 wp-has-aspect-ratio\"><div class=\"wp-block-embed__wrapper\">\n<iframe loading=\"lazy\" title=\"Piensa en Gran Canaria\" width=\"720\" height=\"405\" src=\"https:\/\/www.youtube.com\/embed\/YiyxDJZ0oko?feature=oembed\" frameborder=\"0\" allow=\"accelerometer; autoplay; clipboard-write; encrypted-media; gyroscope; picture-in-picture; web-share\" referrerpolicy=\"strict-origin-when-cross-origin\" allowfullscreen><\/iframe>\n<\/div><\/figure>\n\n\n\n<figure class=\"wp-block-embed is-type-video is-provider-youtube wp-block-embed-youtube wp-embed-aspect-16-9 wp-has-aspect-ratio\"><div class=\"wp-block-embed__wrapper\">\n<iframe loading=\"lazy\" title=\"Piensa en Gran Canaria\" width=\"720\" height=\"405\" src=\"https:\/\/www.youtube.com\/embed\/gHab3mOrJhw?feature=oembed\" frameborder=\"0\" allow=\"accelerometer; autoplay; clipboard-write; encrypted-media; gyroscope; picture-in-picture; web-share\" referrerpolicy=\"strict-origin-when-cross-origin\" allowfullscreen><\/iframe>\n<\/div><\/figure>\n<span class=\"kt-load-after-post\"><\/span>","protected":false},"excerpt":{"rendered":"<p>El Cabildo de Gran Canaria ha iniciado una campa\u00f1a en defensa de la Isla para la que recaba la participaci\u00f3n de todos los ciudadanos y asociaciones que quieran adherirse con su firma, a trav\u00e9s de la p\u00e1gina web www.grancanariasipodemos.com. Para ello se ha creado la plataforma c\u00edvica Por Gran Canaria, S\u00ed Podemos, como reacci\u00f3n a&#8230;<\/p>\n","protected":false},"author":1,"featured_media":4894,"comment_status":"open","ping_status":"closed","sticky":false,"template":"","format":"standard","meta":{"_kad_blocks_custom_css":"","_kad_blocks_head_custom_js":"","_kad_blocks_body_custom_js":"","_kad_blocks_footer_custom_js":"","advanced_seo_description":"","jetpack_seo_html_title":"","jetpack_seo_noindex":false,"_kadence_starter_templates_imported_post":false,"_kad_post_transparent":"","_kad_post_title":"","_kad_post_layout":"","_kad_post_sidebar_id":"","_kad_post_content_style":"","_kad_post_vertical_padding":"","_kad_post_feature":"","_kad_post_feature_position":"","_kad_post_header":false,"_kad_post_footer":false,"_jetpack_memberships_contains_paid_content":false,"footnotes":""},"categories":[13],"tags":[],"class_list":["post-858","post","type-post","status-publish","format-standard","has-post-thumbnail","hentry","category-dream-media"],"featured_image_src":"https:\/\/i0.wp.com\/www.dreammedia.es\/blog\/wp-content\/uploads\/SI-PODEMOS-GC-270X140-copia.jpg?fit=1000%2C849&ssl=1","author_info":{"display_name":"Dream media","author_link":"https:\/\/www.dreammedia.es\/blog\/author\/morenoangulo\/"},"taxonomy_info":{"category":[{"value":13,"label":"Dream media"}]},"featured_image_src_large":["https:\/\/i0.wp.com\/www.dreammedia.es\/blog\/wp-content\/uploads\/SI-PODEMOS-GC-270X140-copia.jpg?fit=1000%2C849&ssl=1",1000,849,true],"comment_info":0,"category_info":[{"term_id":13,"name":"Dream media","slug":"dream-media","term_group":0,"term_taxonomy_id":13,"taxonomy":"category","description":"","parent":0,"count":273,"filter":"raw","cat_ID":13,"category_count":273,"category_description":"","cat_name":"Dream media","category_nicename":"dream-media","category_parent":0}],"tag_info":false,"jetpack_featured_media_url":"https:\/\/i0.wp.com\/www.dreammedia.es\/blog\/wp-content\/uploads\/SI-PODEMOS-GC-270X140-copia.jpg?fit=1000%2C849&ssl=1","jetpack-related-posts":[{"id":1005,"url":"https:\/\/www.dreammedia.es\/blog\/previo-primer-partido-en-gran-canaria-arena\/","url_meta":{"origin":858,"position":0},"title":"Previo primer partido en Gran Canaria Arena","author":"Dream media","date":"","format":false,"excerpt":"El 1 de mayo de 2014 fue el primer partido de Baloncesto en el Gran Canaria Arena entre el CB Gran Canaria\u00a0y FC Barcelona, retransmitido por teledeporte a nivel nacional, TVE nivel internacional y la plataforma de Tve online (VER). Dream media\u00a0fue responsable de la producci\u00f3n de un espect\u00e1culo previo,\u2026","rel":"","context":"En \u00abDream media\u00bb","block_context":{"text":"Dream media","link":"https:\/\/www.dreammedia.es\/blog\/category\/dream-media\/"},"img":{"alt_text":"","src":"https:\/\/i0.wp.com\/www.dreammedia.es\/blog\/wp-content\/uploads\/d2a7f-img_2559.jpg?fit=800%2C598&ssl=1&resize=350%2C200","width":350,"height":200,"srcset":"https:\/\/i0.wp.com\/www.dreammedia.es\/blog\/wp-content\/uploads\/d2a7f-img_2559.jpg?fit=800%2C598&ssl=1&resize=350%2C200 1x, https:\/\/i0.wp.com\/www.dreammedia.es\/blog\/wp-content\/uploads\/d2a7f-img_2559.jpg?fit=800%2C598&ssl=1&resize=525%2C300 1.5x, https:\/\/i0.wp.com\/www.dreammedia.es\/blog\/wp-content\/uploads\/d2a7f-img_2559.jpg?fit=800%2C598&ssl=1&resize=700%2C400 2x"},"classes":[]},{"id":5800,"url":"https:\/\/www.dreammedia.es\/blog\/gran-canaria-este-verano-disfruta-de-tu-isla\/","url_meta":{"origin":858,"position":1},"title":"Gran Canaria, este verano disfruta de tu Isla","author":"Dream media","date":"","format":false,"excerpt":"Campa\u00f1a para turismo de Gran Canaria https:\/\/www.youtube.com\/watch?v=b_8_4oA8zOQ","rel":"","context":"En \u00abDream media\u00bb","block_context":{"text":"Dream media","link":"https:\/\/www.dreammedia.es\/blog\/category\/dream-media\/"},"img":{"alt_text":"","src":"https:\/\/i0.wp.com\/www.dreammedia.es\/blog\/wp-content\/uploads\/grancanaria-t.png?fit=680%2C408&ssl=1&resize=350%2C200","width":350,"height":200,"srcset":"https:\/\/i0.wp.com\/www.dreammedia.es\/blog\/wp-content\/uploads\/grancanaria-t.png?fit=680%2C408&ssl=1&resize=350%2C200 1x, https:\/\/i0.wp.com\/www.dreammedia.es\/blog\/wp-content\/uploads\/grancanaria-t.png?fit=680%2C408&ssl=1&resize=525%2C300 1.5x"},"classes":[]},{"id":1480,"url":"https:\/\/www.dreammedia.es\/blog\/esto-es-gran-canaria\/","url_meta":{"origin":858,"position":2},"title":"Esto es Gran Canaria","author":"Dream media","date":"","format":false,"excerpt":"Campa\u00f1a del Cabildo de Gran Canaria en diferentes idiomas para mostrar como es la Isla de Gran Canaria Espa\u00f1ol https:\/\/youtu.be\/owzG3s5WuMY?si=N1CwPspwPZ49o6be Ingles https:\/\/youtu.be\/XRV2YmeBdnA?si=MEjmrBWtDOdKzG6C Chino https:\/\/youtu.be\/Ua8DWZIjEyg?si=ehpRKL_XutAiU6iu","rel":"","context":"En \u00abDream media\u00bb","block_context":{"text":"Dream media","link":"https:\/\/www.dreammedia.es\/blog\/category\/dream-media\/"},"img":{"alt_text":"","src":"https:\/\/i0.wp.com\/img.youtube.com\/vi\/owzG3s5WuMY\/0.jpg?resize=350%2C200","width":350,"height":200},"classes":[]},{"id":646,"url":"https:\/\/www.dreammedia.es\/blog\/premio-al-video-gran-canaria-un-gran-destino\/","url_meta":{"origin":858,"position":3},"title":"Premio al v\u00eddeo &#8216;Gran Canaria, un gran destino&#8217;","author":"Dream media","date":"","format":false,"excerpt":"Este v\u00eddeo de siete minutos ha recibido el primer galard\u00f3n en la categor\u00eda de turismo de aventura. El video promocional Gran Canaria, un gran destino ha recibido el primer premio del Festival Internacional de Videos Tur\u00edsticos de Riga en la categor\u00eda de turismo de aventura, seg\u00fan ha informado este mi\u00e9rcoles\u2026","rel":"","context":"En \u00abDream media\u00bb","block_context":{"text":"Dream media","link":"https:\/\/www.dreammedia.es\/blog\/category\/dream-media\/"},"img":{"alt_text":"","src":"https:\/\/i0.wp.com\/www.dreammedia.es\/blog\/wp-content\/uploads\/Captura-de-pantalla-2024-05-01-a-las-22.49.54.png?fit=1200%2C803&ssl=1&resize=350%2C200","width":350,"height":200,"srcset":"https:\/\/i0.wp.com\/www.dreammedia.es\/blog\/wp-content\/uploads\/Captura-de-pantalla-2024-05-01-a-las-22.49.54.png?fit=1200%2C803&ssl=1&resize=350%2C200 1x, https:\/\/i0.wp.com\/www.dreammedia.es\/blog\/wp-content\/uploads\/Captura-de-pantalla-2024-05-01-a-las-22.49.54.png?fit=1200%2C803&ssl=1&resize=525%2C300 1.5x, https:\/\/i0.wp.com\/www.dreammedia.es\/blog\/wp-content\/uploads\/Captura-de-pantalla-2024-05-01-a-las-22.49.54.png?fit=1200%2C803&ssl=1&resize=700%2C400 2x, https:\/\/i0.wp.com\/www.dreammedia.es\/blog\/wp-content\/uploads\/Captura-de-pantalla-2024-05-01-a-las-22.49.54.png?fit=1200%2C803&ssl=1&resize=1050%2C600 3x"},"classes":[]},{"id":1398,"url":"https:\/\/www.dreammedia.es\/blog\/investing-gran-canaria-london\/","url_meta":{"origin":858,"position":4},"title":"Investing in Gran Canaria &#8211; London","author":"Dream media","date":"","format":false,"excerpt":"Gran Canaria mostr\u00f3 el pasado 4 de noviembre en Londres las potencialidades de la isla para captar inversiones en \u00c1frica Occidental durante un evento que forma parte de Glocal Up, una red de empresas canarias, que destaca a la isla como \u201cCapital financiera de Canarias\u201d. Dream media responsable del \u00e1rea\u2026","rel":"","context":"En \u00abDream media\u00bb","block_context":{"text":"Dream media","link":"https:\/\/www.dreammedia.es\/blog\/category\/dream-media\/"},"img":{"alt_text":"","src":"https:\/\/i0.wp.com\/www.dreammedia.es\/blog\/wp-content\/uploads\/041114_investing_in_gran_canaria.jpg?fit=768%2C428&ssl=1&resize=350%2C200","width":350,"height":200,"srcset":"https:\/\/i0.wp.com\/www.dreammedia.es\/blog\/wp-content\/uploads\/041114_investing_in_gran_canaria.jpg?fit=768%2C428&ssl=1&resize=350%2C200 1x, https:\/\/i0.wp.com\/www.dreammedia.es\/blog\/wp-content\/uploads\/041114_investing_in_gran_canaria.jpg?fit=768%2C428&ssl=1&resize=525%2C300 1.5x, https:\/\/i0.wp.com\/www.dreammedia.es\/blog\/wp-content\/uploads\/041114_investing_in_gran_canaria.jpg?fit=768%2C428&ssl=1&resize=700%2C400 2x"},"classes":[]},{"id":5255,"url":"https:\/\/www.dreammedia.es\/blog\/honores-y-distinciones-gran-canaria-2018\/","url_meta":{"origin":858,"position":5},"title":"Honores y Distinciones Gran Canaria","author":"Dream media","date":"","format":false,"excerpt":"Un a\u00f1o m\u00e1s, el Cabildo de Gran Canaria celebra su entrega de Honores y Distinciones a 20 personalidades e instituciones que, de un modo u otro, trabajan comprometidos con la isla. As\u00ed lo ha destacado el presidente de la Corporaci\u00f3n, Antonio Morales, durante su discurso, se\u00f1alando que todos ellos \"representan\u2026","rel":"","context":"En \u00abDream media\u00bb","block_context":{"text":"Dream media","link":"https:\/\/www.dreammedia.es\/blog\/category\/dream-media\/"},"img":{"alt_text":"","src":"https:\/\/i0.wp.com\/www.dreammedia.es\/blog\/wp-content\/uploads\/header-1521241695479-medium.jpeg?fit=1024%2C630&ssl=1&resize=350%2C200","width":350,"height":200,"srcset":"https:\/\/i0.wp.com\/www.dreammedia.es\/blog\/wp-content\/uploads\/header-1521241695479-medium.jpeg?fit=1024%2C630&ssl=1&resize=350%2C200 1x, https:\/\/i0.wp.com\/www.dreammedia.es\/blog\/wp-content\/uploads\/header-1521241695479-medium.jpeg?fit=1024%2C630&ssl=1&resize=525%2C300 1.5x, https:\/\/i0.wp.com\/www.dreammedia.es\/blog\/wp-content\/uploads\/header-1521241695479-medium.jpeg?fit=1024%2C630&ssl=1&resize=700%2C400 2x"},"classes":[]}],"jetpack_sharing_enabled":true,"_links":{"self":[{"href":"https:\/\/www.dreammedia.es\/blog\/wp-json\/wp\/v2\/posts\/858","targetHints":{"allow":["GET"]}}],"collection":[{"href":"https:\/\/www.dreammedia.es\/blog\/wp-json\/wp\/v2\/posts"}],"about":[{"href":"https:\/\/www.dreammedia.es\/blog\/wp-json\/wp\/v2\/types\/post"}],"author":[{"embeddable":true,"href":"https:\/\/www.dreammedia.es\/blog\/wp-json\/wp\/v2\/users\/1"}],"replies":[{"embeddable":true,"href":"https:\/\/www.dreammedia.es\/blog\/wp-json\/wp\/v2\/comments?post=858"}],"version-history":[{"count":1,"href":"https:\/\/www.dreammedia.es\/blog\/wp-json\/wp\/v2\/posts\/858\/revisions"}],"predecessor-version":[{"id":4893,"href":"https:\/\/www.dreammedia.es\/blog\/wp-json\/wp\/v2\/posts\/858\/revisions\/4893"}],"wp:featuredmedia":[{"embeddable":true,"href":"https:\/\/www.dreammedia.es\/blog\/wp-json\/wp\/v2\/media\/4894"}],"wp:attachment":[{"href":"https:\/\/www.dreammedia.es\/blog\/wp-json\/wp\/v2\/media?parent=858"}],"wp:term":[{"taxonomy":"category","embeddable":true,"href":"https:\/\/www.dreammedia.es\/blog\/wp-json\/wp\/v2\/categories?post=858"},{"taxonomy":"post_tag","embeddable":true,"href":"https:\/\/www.dreammedia.es\/blog\/wp-json\/wp\/v2\/tags?post=858"}],"curies":[{"name":"wp","href":"https:\/\/api.w.org\/{rel}","templated":true}]}}