{"id":887,"date":"2014-01-08T20:12:35","date_gmt":"2014-01-08T20:12:35","guid":{"rendered":"http:\/\/dreammedia.es\/blog\/?p=887"},"modified":"2024-05-12T10:48:32","modified_gmt":"2024-05-12T10:48:32","slug":"nueva-web-grancanaria-com","status":"publish","type":"post","link":"https:\/\/www.dreammedia.es\/blog\/nueva-web-grancanaria-com\/","title":{"rendered":"Nueva web Grancanaria.com"},"content":{"rendered":"\n<figure class=\"wp-block-image\"><img data-recalc-dims=\"1\" height=\"176\" width=\"300\" decoding=\"async\" src=\"https:\/\/i0.wp.com\/www.dreammedia.es\/blog\/wp-content\/uploads\/2014\/01\/Gran-Canaria-se-comunica-contigo.-Nueva-web-del-Cabildo..jpg?resize=300%2C176&#038;ssl=1\" alt=\"\" class=\"wp-image-890\"\/><\/figure>\n\n\n\n<p>Entra en grancanaria.com para conocer todos los servicios que el Cabildo de Gran Canaria pone a tu disposici\u00f3n. Porque esta es tu isla. Una isla cercana y transparente.<\/p>\n\n\n\n<figure class=\"wp-block-embed is-type-video is-provider-youtube wp-block-embed-youtube wp-embed-aspect-16-9 wp-has-aspect-ratio\"><div class=\"wp-block-embed__wrapper\">\n<iframe loading=\"lazy\" title=\"Cabildo de Gran Canaria - Nueva web\" width=\"720\" height=\"405\" src=\"https:\/\/www.youtube.com\/embed\/jfYF31WQTAQ?feature=oembed\" frameborder=\"0\" allow=\"accelerometer; autoplay; clipboard-write; encrypted-media; gyroscope; picture-in-picture; web-share\" referrerpolicy=\"strict-origin-when-cross-origin\" allowfullscreen><\/iframe>\n<\/div><\/figure>\n<span class=\"kt-load-after-post\"><\/span>","protected":false},"excerpt":{"rendered":"<p>Entra en grancanaria.com para conocer todos los servicios que el Cabildo de Gran Canaria pone a tu disposici\u00f3n. Porque esta es tu isla. Una isla cercana y transparente.<\/p>\n","protected":false},"author":1,"featured_media":890,"comment_status":"open","ping_status":"closed","sticky":false,"template":"","format":"standard","meta":{"_kad_blocks_custom_css":"","_kad_blocks_head_custom_js":"","_kad_blocks_body_custom_js":"","_kad_blocks_footer_custom_js":"","advanced_seo_description":"","jetpack_seo_html_title":"","jetpack_seo_noindex":false,"_kadence_starter_templates_imported_post":false,"_kad_post_transparent":"","_kad_post_title":"","_kad_post_layout":"","_kad_post_sidebar_id":"","_kad_post_content_style":"","_kad_post_vertical_padding":"","_kad_post_feature":"","_kad_post_feature_position":"","_kad_post_header":false,"_kad_post_footer":false,"_jetpack_memberships_contains_paid_content":false,"footnotes":""},"categories":[13],"tags":[],"class_list":["post-887","post","type-post","status-publish","format-standard","has-post-thumbnail","hentry","category-dream-media"],"featured_image_src":"https:\/\/i0.wp.com\/www.dreammedia.es\/blog\/wp-content\/uploads\/375ff-gran-canaria-se-comunica-contigo.-nueva-web-del-cabildo..jpg?fit=520%2C305&ssl=1","author_info":{"display_name":"Dream media","author_link":"https:\/\/www.dreammedia.es\/blog\/author\/morenoangulo\/"},"taxonomy_info":{"category":[{"value":13,"label":"Dream media"}]},"featured_image_src_large":["https:\/\/i0.wp.com\/www.dreammedia.es\/blog\/wp-content\/uploads\/375ff-gran-canaria-se-comunica-contigo.-nueva-web-del-cabildo..jpg?fit=520%2C305&ssl=1",520,305,true],"comment_info":0,"category_info":[{"term_id":13,"name":"Dream media","slug":"dream-media","term_group":0,"term_taxonomy_id":13,"taxonomy":"category","description":"","parent":0,"count":273,"filter":"raw","cat_ID":13,"category_count":273,"category_description":"","cat_name":"Dream media","category_nicename":"dream-media","category_parent":0}],"tag_info":false,"jetpack_featured_media_url":"https:\/\/i0.wp.com\/www.dreammedia.es\/blog\/wp-content\/uploads\/375ff-gran-canaria-se-comunica-contigo.-nueva-web-del-cabildo..jpg?fit=520%2C305&ssl=1","jetpack-related-posts":[{"id":5800,"url":"https:\/\/www.dreammedia.es\/blog\/gran-canaria-este-verano-disfruta-de-tu-isla\/","url_meta":{"origin":887,"position":0},"title":"Gran Canaria, este verano disfruta de tu Isla","author":"Dream media","date":"","format":false,"excerpt":"Campa\u00f1a para turismo de Gran Canaria https:\/\/www.youtube.com\/watch?v=b_8_4oA8zOQ","rel":"","context":"En \u00abDream media\u00bb","block_context":{"text":"Dream media","link":"https:\/\/www.dreammedia.es\/blog\/category\/dream-media\/"},"img":{"alt_text":"","src":"https:\/\/i0.wp.com\/www.dreammedia.es\/blog\/wp-content\/uploads\/grancanaria-t.png?fit=680%2C408&ssl=1&resize=350%2C200","width":350,"height":200,"srcset":"https:\/\/i0.wp.com\/www.dreammedia.es\/blog\/wp-content\/uploads\/grancanaria-t.png?fit=680%2C408&ssl=1&resize=350%2C200 1x, https:\/\/i0.wp.com\/www.dreammedia.es\/blog\/wp-content\/uploads\/grancanaria-t.png?fit=680%2C408&ssl=1&resize=525%2C300 1.5x"},"classes":[]},{"id":1398,"url":"https:\/\/www.dreammedia.es\/blog\/investing-gran-canaria-london\/","url_meta":{"origin":887,"position":1},"title":"Investing in Gran Canaria &#8211; London","author":"Dream media","date":"","format":false,"excerpt":"Gran Canaria mostr\u00f3 el pasado 4 de noviembre en Londres las potencialidades de la isla para captar inversiones en \u00c1frica Occidental durante un evento que forma parte de Glocal Up, una red de empresas canarias, que destaca a la isla como \u201cCapital financiera de Canarias\u201d. Dream media responsable del \u00e1rea\u2026","rel":"","context":"En \u00abDream media\u00bb","block_context":{"text":"Dream media","link":"https:\/\/www.dreammedia.es\/blog\/category\/dream-media\/"},"img":{"alt_text":"","src":"https:\/\/i0.wp.com\/www.dreammedia.es\/blog\/wp-content\/uploads\/041114_investing_in_gran_canaria.jpg?fit=768%2C428&ssl=1&resize=350%2C200","width":350,"height":200,"srcset":"https:\/\/i0.wp.com\/www.dreammedia.es\/blog\/wp-content\/uploads\/041114_investing_in_gran_canaria.jpg?fit=768%2C428&ssl=1&resize=350%2C200 1x, https:\/\/i0.wp.com\/www.dreammedia.es\/blog\/wp-content\/uploads\/041114_investing_in_gran_canaria.jpg?fit=768%2C428&ssl=1&resize=525%2C300 1.5x, https:\/\/i0.wp.com\/www.dreammedia.es\/blog\/wp-content\/uploads\/041114_investing_in_gran_canaria.jpg?fit=768%2C428&ssl=1&resize=700%2C400 2x"},"classes":[]},{"id":907,"url":"https:\/\/www.dreammedia.es\/blog\/fitur-gran-canaria-2014\/","url_meta":{"origin":887,"position":2},"title":"Fitur &#8211; Gran Canaria 2014","author":"Dream media","date":"","format":false,"excerpt":"Durante la Feria Internacional de Turismo de Madrid 2014 (FITUR), acci\u00f3n de Street marketing por las principales calles y v\u00edas del centro de Madrid con cheerleaders, promotoras y m\u00fasicos (batucada), ataviados con los colores representativos de la isla (azul y amarillo) con \u201cGRAN CANARIA 2014\u201d que atrajeron a miles de\u2026","rel":"","context":"En \u00abDream media\u00bb","block_context":{"text":"Dream media","link":"https:\/\/www.dreammedia.es\/blog\/category\/dream-media\/"},"img":{"alt_text":"","src":"https:\/\/i0.wp.com\/www.dreammedia.es\/blog\/wp-content\/uploads\/7e5e3-fitur03.jpg?resize=350%2C200&ssl=1","width":350,"height":200,"srcset":"https:\/\/i0.wp.com\/www.dreammedia.es\/blog\/wp-content\/uploads\/7e5e3-fitur03.jpg?resize=350%2C200&ssl=1 1x, https:\/\/i0.wp.com\/www.dreammedia.es\/blog\/wp-content\/uploads\/7e5e3-fitur03.jpg?resize=525%2C300&ssl=1 1.5x"},"classes":[]},{"id":1047,"url":"https:\/\/www.dreammedia.es\/blog\/productos-de-gran-canaria\/","url_meta":{"origin":887,"position":3},"title":"Productos de Gran Canaria","author":"Dream media","date":"","format":false,"excerpt":"Campa\u00f1a para fomentar el consumo de productos de la isla. La agencia de publicidad canaria Kinewa firma la campa\u00f1a dirigida por Manuel Acosta, Coordinador de Comunicaci\u00f3n de la instituci\u00f3n grancanaria, cuyo lema es: \"Consumiendo productos de Gran Canaria, el beneficio se queda en nuestra isla. El beneficio es para ti.\"\u2026","rel":"","context":"En \u00abDream media\u00bb","block_context":{"text":"Dream media","link":"https:\/\/www.dreammedia.es\/blog\/category\/dream-media\/"},"img":{"alt_text":"","src":"https:\/\/i0.wp.com\/www.dreammedia.es\/blog\/wp-content\/uploads\/3078f-af-media-c7-04.jpg?fit=1200%2C768&ssl=1&resize=350%2C200","width":350,"height":200,"srcset":"https:\/\/i0.wp.com\/www.dreammedia.es\/blog\/wp-content\/uploads\/3078f-af-media-c7-04.jpg?fit=1200%2C768&ssl=1&resize=350%2C200 1x, https:\/\/i0.wp.com\/www.dreammedia.es\/blog\/wp-content\/uploads\/3078f-af-media-c7-04.jpg?fit=1200%2C768&ssl=1&resize=525%2C300 1.5x, https:\/\/i0.wp.com\/www.dreammedia.es\/blog\/wp-content\/uploads\/3078f-af-media-c7-04.jpg?fit=1200%2C768&ssl=1&resize=700%2C400 2x, https:\/\/i0.wp.com\/www.dreammedia.es\/blog\/wp-content\/uploads\/3078f-af-media-c7-04.jpg?fit=1200%2C768&ssl=1&resize=1050%2C600 3x"},"classes":[]},{"id":2449,"url":"https:\/\/www.dreammedia.es\/blog\/unseen-johnnie-waker\/","url_meta":{"origin":887,"position":4},"title":"Johnnie Walker &#8211; UNSEEN","author":"Dream media","date":"","format":false,"excerpt":"Junto con la agencia la sombra del guisante y su director creativo Daniel Mayor creamos para Diageo internacional la idea creativa y su desarrollo del concepto \"BLACK LABEL UNSEEN\" para la marca Johnnie Waker\". Tras su aprobaci\u00f3n internacional se desarroll\u00f3 dos grandes eventos en Las Palmas de Gran Canaria y\u2026","rel":"","context":"En \u00abDream media\u00bb","block_context":{"text":"Dream media","link":"https:\/\/www.dreammedia.es\/blog\/category\/dream-media\/"},"img":{"alt_text":"","src":"https:\/\/i0.wp.com\/www.dreammedia.es\/blog\/wp-content\/uploads\/dvd-cierre-unsound.jpg?fit=720%2C576&ssl=1&resize=350%2C200","width":350,"height":200,"srcset":"https:\/\/i0.wp.com\/www.dreammedia.es\/blog\/wp-content\/uploads\/dvd-cierre-unsound.jpg?fit=720%2C576&ssl=1&resize=350%2C200 1x, https:\/\/i0.wp.com\/www.dreammedia.es\/blog\/wp-content\/uploads\/dvd-cierre-unsound.jpg?fit=720%2C576&ssl=1&resize=525%2C300 1.5x, https:\/\/i0.wp.com\/www.dreammedia.es\/blog\/wp-content\/uploads\/dvd-cierre-unsound.jpg?fit=720%2C576&ssl=1&resize=700%2C400 2x"},"classes":[]},{"id":858,"url":"https:\/\/www.dreammedia.es\/blog\/por-gran-canaria-si-podemos\/","url_meta":{"origin":887,"position":5},"title":"POR GRAN CANARIA \u00a1\u00a1S\u00cd PODEMOS!!","author":"Dream media","date":"","format":false,"excerpt":"El Cabildo de Gran Canaria ha iniciado una campa\u00f1a en defensa de la Isla para la que recaba la participaci\u00f3n de todos los ciudadanos y asociaciones que quieran adherirse con su firma, a trav\u00e9s de la p\u00e1gina web www.grancanariasipodemos.com. Para ello se ha creado la plataforma c\u00edvica Por Gran Canaria,\u2026","rel":"","context":"En \u00abDream media\u00bb","block_context":{"text":"Dream media","link":"https:\/\/www.dreammedia.es\/blog\/category\/dream-media\/"},"img":{"alt_text":"","src":"https:\/\/i0.wp.com\/www.dreammedia.es\/blog\/wp-content\/uploads\/SI-PODEMOS-GC-270X140-copia.jpg?fit=1000%2C849&ssl=1&resize=350%2C200","width":350,"height":200,"srcset":"https:\/\/i0.wp.com\/www.dreammedia.es\/blog\/wp-content\/uploads\/SI-PODEMOS-GC-270X140-copia.jpg?fit=1000%2C849&ssl=1&resize=350%2C200 1x, https:\/\/i0.wp.com\/www.dreammedia.es\/blog\/wp-content\/uploads\/SI-PODEMOS-GC-270X140-copia.jpg?fit=1000%2C849&ssl=1&resize=525%2C300 1.5x, https:\/\/i0.wp.com\/www.dreammedia.es\/blog\/wp-content\/uploads\/SI-PODEMOS-GC-270X140-copia.jpg?fit=1000%2C849&ssl=1&resize=700%2C400 2x"},"classes":[]}],"jetpack_sharing_enabled":true,"_links":{"self":[{"href":"https:\/\/www.dreammedia.es\/blog\/wp-json\/wp\/v2\/posts\/887","targetHints":{"allow":["GET"]}}],"collection":[{"href":"https:\/\/www.dreammedia.es\/blog\/wp-json\/wp\/v2\/posts"}],"about":[{"href":"https:\/\/www.dreammedia.es\/blog\/wp-json\/wp\/v2\/types\/post"}],"author":[{"embeddable":true,"href":"https:\/\/www.dreammedia.es\/blog\/wp-json\/wp\/v2\/users\/1"}],"replies":[{"embeddable":true,"href":"https:\/\/www.dreammedia.es\/blog\/wp-json\/wp\/v2\/comments?post=887"}],"version-history":[{"count":1,"href":"https:\/\/www.dreammedia.es\/blog\/wp-json\/wp\/v2\/posts\/887\/revisions"}],"predecessor-version":[{"id":5327,"href":"https:\/\/www.dreammedia.es\/blog\/wp-json\/wp\/v2\/posts\/887\/revisions\/5327"}],"wp:featuredmedia":[{"embeddable":true,"href":"https:\/\/www.dreammedia.es\/blog\/wp-json\/wp\/v2\/media\/890"}],"wp:attachment":[{"href":"https:\/\/www.dreammedia.es\/blog\/wp-json\/wp\/v2\/media?parent=887"}],"wp:term":[{"taxonomy":"category","embeddable":true,"href":"https:\/\/www.dreammedia.es\/blog\/wp-json\/wp\/v2\/categories?post=887"},{"taxonomy":"post_tag","embeddable":true,"href":"https:\/\/www.dreammedia.es\/blog\/wp-json\/wp\/v2\/tags?post=887"}],"curies":[{"name":"wp","href":"https:\/\/api.w.org\/{rel}","templated":true}]}}