{"id":897,"date":"2014-01-08T20:24:34","date_gmt":"2014-01-08T20:24:34","guid":{"rendered":"http:\/\/dreammedia.es\/blog\/?p=897"},"modified":"2024-05-12T13:22:44","modified_gmt":"2024-05-12T13:22:44","slug":"grupo-ralons-les-desea-feliz-ano-2014","status":"publish","type":"post","link":"https:\/\/www.dreammedia.es\/blog\/grupo-ralons-les-desea-feliz-ano-2014\/","title":{"rendered":"Grupo Ralons les desea feliz a\u00f1o 2014"},"content":{"rendered":"\n<p>A trav\u00e9s de Atlantis publicidad producci\u00f3n del \u00faltimo y primer anuncio del a\u00f1o para Grupo Ralons<\/p>\n\n\n\n<figure class=\"wp-block-embed is-type-video is-provider-youtube wp-block-embed-youtube wp-embed-aspect-16-9 wp-has-aspect-ratio\"><div class=\"wp-block-embed__wrapper\">\n<iframe loading=\"lazy\" title=\"Grupo Ralons les desea feliz a\u00f1o  2014\" width=\"720\" height=\"405\" src=\"https:\/\/www.youtube.com\/embed\/Yna1AqcPX1w?feature=oembed\" frameborder=\"0\" allow=\"accelerometer; autoplay; clipboard-write; encrypted-media; gyroscope; picture-in-picture; web-share\" referrerpolicy=\"strict-origin-when-cross-origin\" allowfullscreen><\/iframe>\n<\/div><\/figure>\n<span class=\"kt-load-after-post\"><\/span>","protected":false},"excerpt":{"rendered":"<p>A trav\u00e9s de Atlantis publicidad producci\u00f3n del \u00faltimo y primer anuncio del a\u00f1o para Grupo Ralons<\/p>\n","protected":false},"author":1,"featured_media":1467,"comment_status":"open","ping_status":"closed","sticky":false,"template":"","format":"standard","meta":{"_kad_blocks_custom_css":"","_kad_blocks_head_custom_js":"","_kad_blocks_body_custom_js":"","_kad_blocks_footer_custom_js":"","advanced_seo_description":"","jetpack_seo_html_title":"","jetpack_seo_noindex":false,"_kadence_starter_templates_imported_post":false,"_kad_post_transparent":"","_kad_post_title":"","_kad_post_layout":"","_kad_post_sidebar_id":"","_kad_post_content_style":"","_kad_post_vertical_padding":"","_kad_post_feature":"","_kad_post_feature_position":"","_kad_post_header":false,"_kad_post_footer":false,"_jetpack_memberships_contains_paid_content":false,"footnotes":""},"categories":[13],"tags":[],"class_list":["post-897","post","type-post","status-publish","format-standard","has-post-thumbnail","hentry","category-dream-media"],"featured_image_src":"https:\/\/i0.wp.com\/www.dreammedia.es\/blog\/wp-content\/uploads\/834d4-block2.jpg?fit=308%2C155&ssl=1","author_info":{"display_name":"Dream media","author_link":"https:\/\/www.dreammedia.es\/blog\/author\/morenoangulo\/"},"taxonomy_info":{"category":[{"value":13,"label":"Dream media"}]},"featured_image_src_large":["https:\/\/i0.wp.com\/www.dreammedia.es\/blog\/wp-content\/uploads\/834d4-block2.jpg?fit=308%2C155&ssl=1",308,155,true],"comment_info":0,"category_info":[{"term_id":13,"name":"Dream media","slug":"dream-media","term_group":0,"term_taxonomy_id":13,"taxonomy":"category","description":"","parent":0,"count":273,"filter":"raw","cat_ID":13,"category_count":273,"category_description":"","cat_name":"Dream media","category_nicename":"dream-media","category_parent":0}],"tag_info":false,"jetpack_featured_media_url":"https:\/\/i0.wp.com\/www.dreammedia.es\/blog\/wp-content\/uploads\/834d4-block2.jpg?fit=308%2C155&ssl=1","jetpack-related-posts":[{"id":804,"url":"https:\/\/www.dreammedia.es\/blog\/carnaval-renovar-y-avanzar\/","url_meta":{"origin":897,"position":0},"title":"Carnaval &#8211; La Fiesta evoluciona","author":"Dream media","date":"","format":false,"excerpt":"Mis primeros pasos en el carnaval fueron desde los medios de comunicaci\u00f3n, donde me toc\u00f3 retransmitir galas, concursos y cabalgatas y a lo largo de esos a\u00f1os hubo multitud de pol\u00e9micas sobre diferentes innovaciones que se pretendieron realizar. Una de ellas fue cuando se llev\u00f3 la gala de la reina\u2026","rel":"","context":"En \u00abDream media\u00bb","block_context":{"text":"Dream media","link":"https:\/\/www.dreammedia.es\/blog\/category\/dream-media\/"},"img":{"alt_text":"","src":"https:\/\/i0.wp.com\/www.dreammedia.es\/blog\/wp-content\/uploads\/04a56-1986.jpg?fit=410%2C600&ssl=1&resize=350%2C200","width":350,"height":200},"classes":[]},{"id":1759,"url":"https:\/\/www.dreammedia.es\/blog\/grupo-ralons-canarias-d-moda\/","url_meta":{"origin":897,"position":1},"title":"Grupo Ralons &#8211; Canarias D moda","author":"Dream media","date":"","format":false,"excerpt":"Producci\u00f3n de cabeceras de patrocinio https:\/\/youtu.be\/0Hpc7pBdYWk?si=QYyzB6RbP2uFlUW7","rel":"","context":"En \u00abDream media\u00bb","block_context":{"text":"Dream media","link":"https:\/\/www.dreammedia.es\/blog\/category\/dream-media\/"},"img":{"alt_text":"","src":"https:\/\/i0.wp.com\/img.youtube.com\/vi\/0Hpc7pBdYWk\/0.jpg?resize=350%2C200","width":350,"height":200},"classes":[]},{"id":1466,"url":"https:\/\/www.dreammedia.es\/blog\/cabecera-patronio-grupo-ralons\/","url_meta":{"origin":897,"position":2},"title":"Cabecera patrocinio Grupo Ralons","author":"Dream media","date":"","format":false,"excerpt":"Cabecera de patrocinio de varios programas de TV. https:\/\/youtu.be\/OEtQxP08NjM?si=4pSEZNYJXIwjyatv","rel":"","context":"En \u00abDream media\u00bb","block_context":{"text":"Dream media","link":"https:\/\/www.dreammedia.es\/blog\/category\/dream-media\/"},"img":{"alt_text":"","src":"https:\/\/i0.wp.com\/img.youtube.com\/vi\/OEtQxP08NjM\/0.jpg?resize=350%2C200","width":350,"height":200},"classes":[]},{"id":515,"url":"https:\/\/www.dreammedia.es\/blog\/25-aniversario-de-hiperdinosupersol\/","url_meta":{"origin":897,"position":3},"title":"25 aniversario de Hiperdino\/Supersol","author":"Dream media","date":"","format":false,"excerpt":"En estos d\u00edas se lanza la campa\u00f1a aniversario de Hiperdino en Canarias y Supersol en Pen\u00ednsula, un acierto que las sinerg\u00edas de las marcas lancen la misma campa\u00f1a al un\u00edsono. En anteriores ocasiones las campa\u00f1as de Supersol se adaptaban a Hiperdino casi con un a\u00f1o de retraso, perdiendo la expectaci\u00f3n\u2026","rel":"","context":"En \u00abDream media\u00bb","block_context":{"text":"Dream media","link":"https:\/\/www.dreammedia.es\/blog\/category\/dream-media\/"},"img":{"alt_text":"","src":"https:\/\/i0.wp.com\/www.dreammedia.es\/blog\/wp-content\/uploads\/hqdefault-2.jpg?fit=480%2C360&ssl=1&resize=350%2C200","width":350,"height":200},"classes":[]},{"id":5366,"url":"https:\/\/www.dreammedia.es\/blog\/campanas-grupo-mb\/","url_meta":{"origin":897,"position":4},"title":"Campa\u00f1as Grupo MB","author":"Dream media","date":"","format":false,"excerpt":"Producci\u00f3n de spots, reportajes y cu\u00f1as de radio https:\/\/youtu.be\/-QJwXx1h6Co?si=7mW3jc_5ltxILkrw https:\/\/youtu.be\/eK9y3FSlDb8?si=USDhKVYeTQtSbQeZ https:\/\/youtu.be\/xJYSszevW5g?si=uQ_7YrkXGp_6uwpl https:\/\/youtu.be\/9J0GwuKG6EQ?si=wp0mzFVMU3qere7Y https:\/\/youtu.be\/nMgLVBJRJsY?si=vJe6suvTsZ2Sr6Ec https:\/\/youtu.be\/zQam_6jFKmk?si=2HDJnirQ6XP0Lgp_ https:\/\/youtu.be\/V2VegZqcyH0?si=ruuaA7ZreAq-i0KQ https:\/\/youtu.be\/18cJHHddGXQ?si=quqorJj5FjXtS_iY https:\/\/youtu.be\/iSakN-XJ9Dk?si=aVd6C6rDi-AaMwsA https:\/\/youtu.be\/AOK7l8cE0nA?si=ttOQk-Eqn4WEvFiJ https:\/\/youtu.be\/Whpa_8hCCE8?si=I7hI39U2vX62veLJ https:\/\/youtu.be\/7C4fCTnO4aA?si=Dpc7xQrrq5p_iRu0 https:\/\/youtu.be\/wEs9I_tJhTo?si=GrLLNmf7QjAYHHaP https:\/\/youtu.be\/yghX3d8iMg8?si=jr0mpBUEIaMHIBca","rel":"","context":"En \u00abDream media\u00bb","block_context":{"text":"Dream media","link":"https:\/\/www.dreammedia.es\/blog\/category\/dream-media\/"},"img":{"alt_text":"","src":"https:\/\/i0.wp.com\/www.dreammedia.es\/blog\/wp-content\/uploads\/Captura-de-pantalla-2024-05-03-a-las-19.28.00.png?fit=1200%2C682&ssl=1&resize=350%2C200","width":350,"height":200,"srcset":"https:\/\/i0.wp.com\/www.dreammedia.es\/blog\/wp-content\/uploads\/Captura-de-pantalla-2024-05-03-a-las-19.28.00.png?fit=1200%2C682&ssl=1&resize=350%2C200 1x, https:\/\/i0.wp.com\/www.dreammedia.es\/blog\/wp-content\/uploads\/Captura-de-pantalla-2024-05-03-a-las-19.28.00.png?fit=1200%2C682&ssl=1&resize=525%2C300 1.5x, https:\/\/i0.wp.com\/www.dreammedia.es\/blog\/wp-content\/uploads\/Captura-de-pantalla-2024-05-03-a-las-19.28.00.png?fit=1200%2C682&ssl=1&resize=700%2C400 2x, https:\/\/i0.wp.com\/www.dreammedia.es\/blog\/wp-content\/uploads\/Captura-de-pantalla-2024-05-03-a-las-19.28.00.png?fit=1200%2C682&ssl=1&resize=1050%2C600 3x"},"classes":[]},{"id":1623,"url":"https:\/\/www.dreammedia.es\/blog\/ralons-primer-spot-del-ano-en-canarias\/","url_meta":{"origin":897,"position":5},"title":"RALONS, Primer spot del a\u00f1o en Canarias","author":"Dream media","date":"","format":false,"excerpt":"Ralons le desea un feliz a\u00f1o nuevo https:\/\/youtu.be\/Yna1AqcPX1w?si=ssH81C1g5nbqggZD","rel":"","context":"En \u00abDream media\u00bb","block_context":{"text":"Dream media","link":"https:\/\/www.dreammedia.es\/blog\/category\/dream-media\/"},"img":{"alt_text":"","src":"https:\/\/i0.wp.com\/img.youtube.com\/vi\/Yna1AqcPX1w\/0.jpg?resize=350%2C200","width":350,"height":200},"classes":[]}],"jetpack_sharing_enabled":true,"_links":{"self":[{"href":"https:\/\/www.dreammedia.es\/blog\/wp-json\/wp\/v2\/posts\/897","targetHints":{"allow":["GET"]}}],"collection":[{"href":"https:\/\/www.dreammedia.es\/blog\/wp-json\/wp\/v2\/posts"}],"about":[{"href":"https:\/\/www.dreammedia.es\/blog\/wp-json\/wp\/v2\/types\/post"}],"author":[{"embeddable":true,"href":"https:\/\/www.dreammedia.es\/blog\/wp-json\/wp\/v2\/users\/1"}],"replies":[{"embeddable":true,"href":"https:\/\/www.dreammedia.es\/blog\/wp-json\/wp\/v2\/comments?post=897"}],"version-history":[{"count":2,"href":"https:\/\/www.dreammedia.es\/blog\/wp-json\/wp\/v2\/posts\/897\/revisions"}],"predecessor-version":[{"id":5821,"href":"https:\/\/www.dreammedia.es\/blog\/wp-json\/wp\/v2\/posts\/897\/revisions\/5821"}],"wp:featuredmedia":[{"embeddable":true,"href":"https:\/\/www.dreammedia.es\/blog\/wp-json\/wp\/v2\/media\/1467"}],"wp:attachment":[{"href":"https:\/\/www.dreammedia.es\/blog\/wp-json\/wp\/v2\/media?parent=897"}],"wp:term":[{"taxonomy":"category","embeddable":true,"href":"https:\/\/www.dreammedia.es\/blog\/wp-json\/wp\/v2\/categories?post=897"},{"taxonomy":"post_tag","embeddable":true,"href":"https:\/\/www.dreammedia.es\/blog\/wp-json\/wp\/v2\/tags?post=897"}],"curies":[{"name":"wp","href":"https:\/\/api.w.org\/{rel}","templated":true}]}}